{"id":2529,"date":"2025-07-23T11:41:58","date_gmt":"2025-07-23T11:41:58","guid":{"rendered":"https:\/\/ofsip.lu\/?p=2529"},"modified":"2025-07-23T11:43:15","modified_gmt":"2025-07-23T11:43:15","slug":"riskwatch-3-ergonomie-au-poste-de-travail-un-levier-sous-estime-de-performance-et-de-prevention","status":"publish","type":"post","link":"https:\/\/ofsip.lu\/en\/riskwatch-3-ergonomie-au-poste-de-travail-un-levier-sous-estime-de-performance-et-de-prevention\/","title":{"rendered":"RISKWATCH #3 \u2013 Ergonomie au poste de travail : un levier sous-estim\u00e9 de performance et de pr\u00e9vention"},"content":{"rendered":"<div data-elementor-type=\"wp-post\" data-elementor-id=\"2529\" class=\"elementor elementor-2529\" data-elementor-post-type=\"post\">\n\t\t\t\t<div class=\"elementor-element elementor-element-46558e4 e-flex e-con-boxed e-con e-parent\" data-id=\"46558e4\" data-element_type=\"container\">\n\t\t\t\t\t<div class=\"e-con-inner\">\n\t\t\t\t<div class=\"elementor-element elementor-element-4efd1d7 elementor-widget elementor-widget-image\" data-id=\"4efd1d7\" data-element_type=\"widget\" data-widget_type=\"image.default\">\n\t\t\t\t<div class=\"elementor-widget-container\">\n\t\t\t\t\t\t\t\t\t\t\t\t\t\t\t<img fetchpriority=\"high\" decoding=\"async\" width=\"800\" height=\"450\" src=\"https:\/\/ofsip.lu\/wp-content\/uploads\/2025\/07\/3-3-1024x576.png\" class=\"attachment-large size-large wp-image-2530\" alt=\"\" srcset=\"https:\/\/ofsip.lu\/wp-content\/uploads\/2025\/07\/3-3-1024x576.png 1024w, https:\/\/ofsip.lu\/wp-content\/uploads\/2025\/07\/3-3-300x169.png 300w, https:\/\/ofsip.lu\/wp-content\/uploads\/2025\/07\/3-3-768x432.png 768w, https:\/\/ofsip.lu\/wp-content\/uploads\/2025\/07\/3-3-18x10.png 18w, https:\/\/ofsip.lu\/wp-content\/uploads\/2025\/07\/3-3.png 1280w\" sizes=\"(max-width: 800px) 100vw, 800px\" \/>\t\t\t\t\t\t\t\t\t\t\t\t\t\t\t<\/div>\n\t\t\t\t<\/div>\n\t\t\t\t\t<\/div>\n\t\t\t\t<\/div>\n\t\t<div class=\"elementor-element elementor-element-5634f00 e-flex e-con-boxed e-con e-parent\" data-id=\"5634f00\" data-element_type=\"container\">\n\t\t\t\t\t<div class=\"e-con-inner\">\n\t\t\t\t<div class=\"elementor-element elementor-element-6bf234a elementor-widget elementor-widget-text-editor\" data-id=\"6bf234a\" data-element_type=\"widget\" data-widget_type=\"text-editor.default\">\n\t\t\t\t<div class=\"elementor-widget-container\">\n\t\t\t\t\t\t\t\t\t<p style=\"box-sizing: inherit; margin-bottom: var(--spacing-four-x); padding: var(--artdeco-reset-base-padding-zero); border: var(--artdeco-reset-base-border-zero); vertical-align: var(--artdeco-reset-base-vertical-align-baseline); line-height: var(--line-height-open); color: rgba(0, 0, 0, 0.9); font-family: -apple-system, system-ui, BlinkMacSystemFont, 'Segoe UI', Roboto, 'Helvetica Neue', 'Fira Sans', Ubuntu, Oxygen, 'Oxygen Sans', Cantarell, 'Droid Sans', 'Apple Color Emoji', 'Segoe UI Emoji', 'Segoe UI Emoji', 'Segoe UI Symbol', 'Lucida Grande', Helvetica, Arial, sans-serif; pointer-events: all; caret-color: rgba(0, 0, 0, 0.9);\">L\u2019ergonomie est souvent per\u00e7ue comme un \u00ab plus \u00bb ou un sujet secondaire. Pourtant, lorsqu\u2019on prend le temps d\u2019observer les postes de travail, les postures adopt\u00e9es, les gestes r\u00e9p\u00e9titifs et les environnements mal adapt\u00e9s, on comprend tr\u00e8s vite que l\u2019ergonomie est un pilier fondamental \u2013 \u00e0 la fois pour la performance et la sant\u00e9 des collaborateurs. Et au Luxembourg, le cadre r\u00e9glementaire donne aux entreprises des outils\u2026 mais aussi des responsabilit\u00e9s.<\/p><p style=\"box-sizing: inherit; margin-bottom: var(--spacing-four-x); padding: var(--artdeco-reset-base-padding-zero); border: var(--artdeco-reset-base-border-zero); vertical-align: var(--artdeco-reset-base-vertical-align-baseline); line-height: var(--line-height-open); color: rgba(0, 0, 0, 0.9); font-family: -apple-system, system-ui, BlinkMacSystemFont, 'Segoe UI', Roboto, 'Helvetica Neue', 'Fira Sans', Ubuntu, Oxygen, 'Oxygen Sans', Cantarell, 'Droid Sans', 'Apple Color Emoji', 'Segoe UI Emoji', 'Segoe UI Emoji', 'Segoe UI Symbol', 'Lucida Grande', Helvetica, Arial, sans-serif; pointer-events: all; caret-color: rgba(0, 0, 0, 0.9);\">\u00a0<\/p><hr style=\"box-sizing: inherit; border-right-width: 0px; border-bottom-width: 0px; border-left-width: 0px; border-right-style: none; border-bottom-style: none; border-left-style: none; height: 1px; margin-bottom: var(--spacing-four-x); padding: 0px; border-right-color: rgba(0, 0, 0, 0.15); border-bottom-color: rgba(0, 0, 0, 0.15); border-left-color: rgba(0, 0, 0, 0.15); border-top: solid 1px var(--color-border-faint); font-family: -apple-system, system-ui, BlinkMacSystemFont, 'Segoe UI', Roboto, 'Helvetica Neue', 'Fira Sans', Ubuntu, Oxygen, 'Oxygen Sans', Cantarell, 'Droid Sans', 'Apple Color Emoji', 'Segoe UI Emoji', 'Segoe UI Emoji', 'Segoe UI Symbol', 'Lucida Grande', Helvetica, Arial, sans-serif; width: 584px;\" \/><h3 style=\"box-sizing: inherit; margin-bottom: var(--spacing-two-x); padding: var(--artdeco-reset-base-padding-zero); border: var(--artdeco-reset-base-border-zero); font-size: var(--font-size-xlarge); vertical-align: var(--artdeco-reset-base-vertical-align-baseline); outline: var(--artdeco-reset-base-outline-zero); color: rgba(0, 0, 0, 0.9); line-height: var(--line-height-default); font-family: -apple-system, system-ui, BlinkMacSystemFont, 'Segoe UI', Roboto, 'Helvetica Neue', 'Fira Sans', Ubuntu, Oxygen, 'Oxygen Sans', Cantarell, 'Droid Sans', 'Apple Color Emoji', 'Segoe UI Emoji', 'Segoe UI Emoji', 'Segoe UI Symbol', 'Lucida Grande', Helvetica, Arial, sans-serif; caret-color: rgba(0, 0, 0, 0.9);\">Pourquoi parler d\u2019ergonomie aujourd\u2019hui ?<\/h3><p style=\"box-sizing: inherit; margin-bottom: var(--spacing-four-x); padding: var(--artdeco-reset-base-padding-zero); border: var(--artdeco-reset-base-border-zero); vertical-align: var(--artdeco-reset-base-vertical-align-baseline); line-height: var(--line-height-open); color: rgba(0, 0, 0, 0.9); font-family: -apple-system, system-ui, BlinkMacSystemFont, 'Segoe UI', Roboto, 'Helvetica Neue', 'Fira Sans', Ubuntu, Oxygen, 'Oxygen Sans', Cantarell, 'Droid Sans', 'Apple Color Emoji', 'Segoe UI Emoji', 'Segoe UI Emoji', 'Segoe UI Symbol', 'Lucida Grande', Helvetica, Arial, sans-serif; pointer-events: all; caret-color: rgba(0, 0, 0, 0.9);\">Parce que les troubles musculo-squelettiques (TMS) repr\u00e9sentent encore <span style=\"box-sizing: inherit; margin: var(--artdeco-reset-base-margin-zero); padding: var(--artdeco-reset-base-padding-zero); border: var(--artdeco-reset-base-border-zero); font-size: var(--artdeco-reset-base-font-size-hundred-percent); vertical-align: var(--artdeco-reset-base-vertical-align-baseline); outline: var(--artdeco-reset-base-outline-zero); font-family: var(--artdeco-reset-typography-font-family-sans);\">la premi\u00e8re cause de maladies professionnelles<\/span> en Europe. Selon l\u2019EU-OSHA, <span style=\"box-sizing: inherit; margin: var(--artdeco-reset-base-margin-zero); padding: var(--artdeco-reset-base-padding-zero); border: var(--artdeco-reset-base-border-zero); font-size: var(--artdeco-reset-base-font-size-hundred-percent); vertical-align: var(--artdeco-reset-base-vertical-align-baseline); outline: var(--artdeco-reset-base-outline-zero); font-family: var(--artdeco-reset-typography-font-family-sans);\">3 salari\u00e9s sur 5<\/span> souffrent de douleurs dorsales ou musculaires li\u00e9es \u00e0 leur activit\u00e9. Et ces chiffres se retrouvent aussi bien dans l\u2019industrie que dans les bureaux.<\/p><p style=\"box-sizing: inherit; margin-bottom: var(--spacing-four-x); padding: var(--artdeco-reset-base-padding-zero); border: var(--artdeco-reset-base-border-zero); vertical-align: var(--artdeco-reset-base-vertical-align-baseline); line-height: var(--line-height-open); color: rgba(0, 0, 0, 0.9); font-family: -apple-system, system-ui, BlinkMacSystemFont, 'Segoe UI', Roboto, 'Helvetica Neue', 'Fira Sans', Ubuntu, Oxygen, 'Oxygen Sans', Cantarell, 'Droid Sans', 'Apple Color Emoji', 'Segoe UI Emoji', 'Segoe UI Emoji', 'Segoe UI Symbol', 'Lucida Grande', Helvetica, Arial, sans-serif; pointer-events: all; caret-color: rgba(0, 0, 0, 0.9);\">\u27a1\ufe0f En clair : <span style=\"box-sizing: inherit; margin: var(--artdeco-reset-base-margin-zero); padding: var(--artdeco-reset-base-padding-zero); border: var(--artdeco-reset-base-border-zero); font-size: var(--artdeco-reset-base-font-size-hundred-percent); vertical-align: var(--artdeco-reset-base-vertical-align-baseline); outline: var(--artdeco-reset-base-outline-zero); font-family: var(--artdeco-reset-typography-font-family-sans);\">les mauvaises postures co\u00fbtent cher<\/span> \u2013 en arr\u00eats de travail, en baisse de productivit\u00e9, en d\u00e9motivation. Et ce co\u00fbt est <span style=\"box-sizing: inherit; margin: var(--artdeco-reset-base-margin-zero); padding: var(--artdeco-reset-base-padding-zero); border: var(--artdeco-reset-base-border-zero); font-size: var(--artdeco-reset-base-font-size-hundred-percent); vertical-align: var(--artdeco-reset-base-vertical-align-baseline); outline: var(--artdeco-reset-base-outline-zero); font-family: var(--artdeco-reset-typography-font-family-sans);\">\u00e9vitable<\/span>.<\/p><p style=\"box-sizing: inherit; margin-bottom: var(--spacing-four-x); padding: var(--artdeco-reset-base-padding-zero); border: var(--artdeco-reset-base-border-zero); vertical-align: var(--artdeco-reset-base-vertical-align-baseline); line-height: var(--line-height-open); color: rgba(0, 0, 0, 0.9); font-family: -apple-system, system-ui, BlinkMacSystemFont, 'Segoe UI', Roboto, 'Helvetica Neue', 'Fira Sans', Ubuntu, Oxygen, 'Oxygen Sans', Cantarell, 'Droid Sans', 'Apple Color Emoji', 'Segoe UI Emoji', 'Segoe UI Emoji', 'Segoe UI Symbol', 'Lucida Grande', Helvetica, Arial, sans-serif; pointer-events: all; caret-color: rgba(0, 0, 0, 0.9);\">\ud83d\udcca Selon les chiffres communiqu\u00e9s par l&rsquo;Association d&rsquo;assurance accident (AAA), les TMS font partie des pathologies professionnelles les plus fr\u00e9quemment reconnues au Luxembourg. En 2022, plus de 20 % des maladies professionnelles d\u00e9clar\u00e9es relevaient directement ou indirectement de troubles li\u00e9s \u00e0 des contraintes physiques mal g\u00e9r\u00e9es.<\/p><p style=\"box-sizing: inherit; margin-bottom: var(--spacing-four-x); padding: var(--artdeco-reset-base-padding-zero); border: var(--artdeco-reset-base-border-zero); vertical-align: var(--artdeco-reset-base-vertical-align-baseline); line-height: var(--line-height-open); color: rgba(0, 0, 0, 0.9); font-family: -apple-system, system-ui, BlinkMacSystemFont, 'Segoe UI', Roboto, 'Helvetica Neue', 'Fira Sans', Ubuntu, Oxygen, 'Oxygen Sans', Cantarell, 'Droid Sans', 'Apple Color Emoji', 'Segoe UI Emoji', 'Segoe UI Emoji', 'Segoe UI Symbol', 'Lucida Grande', Helvetica, Arial, sans-serif; pointer-events: all; caret-color: rgba(0, 0, 0, 0.9);\">\u00a0<\/p><hr style=\"box-sizing: inherit; border-right-width: 0px; border-bottom-width: 0px; border-left-width: 0px; border-right-style: none; border-bottom-style: none; border-left-style: none; height: 1px; margin-bottom: var(--spacing-four-x); padding: 0px; border-right-color: rgba(0, 0, 0, 0.15); border-bottom-color: rgba(0, 0, 0, 0.15); border-left-color: rgba(0, 0, 0, 0.15); border-top: solid 1px var(--color-border-faint); font-family: -apple-system, system-ui, BlinkMacSystemFont, 'Segoe UI', Roboto, 'Helvetica Neue', 'Fira Sans', Ubuntu, Oxygen, 'Oxygen Sans', Cantarell, 'Droid Sans', 'Apple Color Emoji', 'Segoe UI Emoji', 'Segoe UI Emoji', 'Segoe UI Symbol', 'Lucida Grande', Helvetica, Arial, sans-serif; width: 584px;\" \/><h3 style=\"box-sizing: inherit; margin-bottom: var(--spacing-two-x); padding: var(--artdeco-reset-base-padding-zero); border: var(--artdeco-reset-base-border-zero); font-size: var(--font-size-xlarge); vertical-align: var(--artdeco-reset-base-vertical-align-baseline); outline: var(--artdeco-reset-base-outline-zero); color: rgba(0, 0, 0, 0.9); line-height: var(--line-height-default); font-family: -apple-system, system-ui, BlinkMacSystemFont, 'Segoe UI', Roboto, 'Helvetica Neue', 'Fira Sans', Ubuntu, Oxygen, 'Oxygen Sans', Cantarell, 'Droid Sans', 'Apple Color Emoji', 'Segoe UI Emoji', 'Segoe UI Emoji', 'Segoe UI Symbol', 'Lucida Grande', Helvetica, Arial, sans-serif; caret-color: rgba(0, 0, 0, 0.9);\">Ce que dit la r\u00e9glementation au Luxembourg<\/h3><p style=\"box-sizing: inherit; margin-bottom: var(--spacing-four-x); padding: var(--artdeco-reset-base-padding-zero); border: var(--artdeco-reset-base-border-zero); vertical-align: var(--artdeco-reset-base-vertical-align-baseline); line-height: var(--line-height-open); color: rgba(0, 0, 0, 0.9); font-family: -apple-system, system-ui, BlinkMacSystemFont, 'Segoe UI', Roboto, 'Helvetica Neue', 'Fira Sans', Ubuntu, Oxygen, 'Oxygen Sans', Cantarell, 'Droid Sans', 'Apple Color Emoji', 'Segoe UI Emoji', 'Segoe UI Emoji', 'Segoe UI Symbol', 'Lucida Grande', Helvetica, Arial, sans-serif; pointer-events: all; caret-color: rgba(0, 0, 0, 0.9);\">Le <span style=\"box-sizing: inherit; margin: var(--artdeco-reset-base-margin-zero); padding: var(--artdeco-reset-base-padding-zero); border: var(--artdeco-reset-base-border-zero); font-size: var(--artdeco-reset-base-font-size-hundred-percent); vertical-align: var(--artdeco-reset-base-vertical-align-baseline); outline: var(--artdeco-reset-base-outline-zero); font-family: var(--artdeco-reset-typography-font-family-sans);\">Code du travail luxembourgeois<\/span>, notamment \u00e0 travers les articles <span style=\"box-sizing: inherit; margin: var(--artdeco-reset-base-margin-zero); padding: var(--artdeco-reset-base-padding-zero); border: var(--artdeco-reset-base-border-zero); font-size: var(--artdeco-reset-base-font-size-hundred-percent); vertical-align: var(--artdeco-reset-base-vertical-align-baseline); outline: var(--artdeco-reset-base-outline-zero); font-family: var(--artdeco-reset-typography-font-family-sans);\">L.312-1 \u00e0 L.312-9<\/span>, impose \u00e0 l\u2019employeur une obligation de r\u00e9sultat en mati\u00e8re de s\u00e9curit\u00e9 et de sant\u00e9 des travailleurs.<\/p><p style=\"box-sizing: inherit; margin-bottom: var(--spacing-four-x); padding: var(--artdeco-reset-base-padding-zero); border: var(--artdeco-reset-base-border-zero); vertical-align: var(--artdeco-reset-base-vertical-align-baseline); line-height: var(--line-height-open); color: rgba(0, 0, 0, 0.9); font-family: -apple-system, system-ui, BlinkMacSystemFont, 'Segoe UI', Roboto, 'Helvetica Neue', 'Fira Sans', Ubuntu, Oxygen, 'Oxygen Sans', Cantarell, 'Droid Sans', 'Apple Color Emoji', 'Segoe UI Emoji', 'Segoe UI Emoji', 'Segoe UI Symbol', 'Lucida Grande', Helvetica, Arial, sans-serif; pointer-events: all; caret-color: rgba(0, 0, 0, 0.9);\">\ud83d\udc49 Cela inclut explicitement la pr\u00e9vention des risques li\u00e9s :<\/p><p style=\"box-sizing: inherit; margin-bottom: var(--spacing-four-x); padding: var(--artdeco-reset-base-padding-zero); border: var(--artdeco-reset-base-border-zero); vertical-align: var(--artdeco-reset-base-vertical-align-baseline); line-height: var(--line-height-open); color: rgba(0, 0, 0, 0.9); font-family: -apple-system, system-ui, BlinkMacSystemFont, 'Segoe UI', Roboto, 'Helvetica Neue', 'Fira Sans', Ubuntu, Oxygen, 'Oxygen Sans', Cantarell, 'Droid Sans', 'Apple Color Emoji', 'Segoe UI Emoji', 'Segoe UI Emoji', 'Segoe UI Symbol', 'Lucida Grande', Helvetica, Arial, sans-serif; pointer-events: all; caret-color: rgba(0, 0, 0, 0.9);\">\u00a0<\/p><ul style=\"caret-color: #000000; font-family: var(--artdeco-reset-typography-font-family-sans); box-sizing: inherit; margin-bottom: var(--spacing-four-x); padding-left: var(--spacing-four-x); border: var(--artdeco-reset-base-border-zero); font-size: var(--font-size-medium); vertical-align: var(--artdeco-reset-base-vertical-align-baseline); line-height: var(--line-height-open);\"><li style=\"box-sizing: inherit; margin-bottom: var(--spacing-one-x); padding-left: var(--spacing-one-x); border: var(--artdeco-reset-base-border-zero); font-size: var(--artdeco-reset-base-font-size-hundred-percent); vertical-align: var(--artdeco-reset-base-vertical-align-baseline); font-family: var(--artdeco-reset-typography-font-family-sans);\">Aux <span style=\"box-sizing: inherit; margin: var(--artdeco-reset-base-margin-zero); padding: var(--artdeco-reset-base-padding-zero); border: var(--artdeco-reset-base-border-zero); font-size: var(--artdeco-reset-base-font-size-hundred-percent); vertical-align: var(--artdeco-reset-base-vertical-align-baseline); outline: var(--artdeco-reset-base-outline-zero); font-family: var(--artdeco-reset-typography-font-family-sans);\">gestes r\u00e9p\u00e9titifs<\/span>,<\/li><li style=\"box-sizing: inherit; margin-bottom: var(--spacing-one-x); padding-left: var(--spacing-one-x); border: var(--artdeco-reset-base-border-zero); font-size: var(--artdeco-reset-base-font-size-hundred-percent); vertical-align: var(--artdeco-reset-base-vertical-align-baseline); font-family: var(--artdeco-reset-typography-font-family-sans);\">Aux <span style=\"box-sizing: inherit; margin: var(--artdeco-reset-base-margin-zero); padding: var(--artdeco-reset-base-padding-zero); border: var(--artdeco-reset-base-border-zero); font-size: var(--artdeco-reset-base-font-size-hundred-percent); vertical-align: var(--artdeco-reset-base-vertical-align-baseline); outline: var(--artdeco-reset-base-outline-zero); font-family: var(--artdeco-reset-typography-font-family-sans);\">positions prolong\u00e9es<\/span>,<\/li><li style=\"box-sizing: inherit; margin-bottom: var(--spacing-one-x); padding-left: var(--spacing-one-x); border: var(--artdeco-reset-base-border-zero); font-size: var(--artdeco-reset-base-font-size-hundred-percent); vertical-align: var(--artdeco-reset-base-vertical-align-baseline); font-family: var(--artdeco-reset-typography-font-family-sans);\">\u00c0 l\u2019utilisation prolong\u00e9e d\u2019\u00e9crans,<\/li><li style=\"box-sizing: inherit; margin-bottom: var(--spacing-one-x); padding-left: var(--spacing-one-x); border: var(--artdeco-reset-base-border-zero); font-size: var(--artdeco-reset-base-font-size-hundred-percent); vertical-align: var(--artdeco-reset-base-vertical-align-baseline); font-family: var(--artdeco-reset-typography-font-family-sans);\">Aux <span style=\"box-sizing: inherit; margin: var(--artdeco-reset-base-margin-zero); padding: var(--artdeco-reset-base-padding-zero); border: var(--artdeco-reset-base-border-zero); font-size: var(--artdeco-reset-base-font-size-hundred-percent); vertical-align: var(--artdeco-reset-base-vertical-align-baseline); outline: var(--artdeco-reset-base-outline-zero); font-family: var(--artdeco-reset-typography-font-family-sans);\">charges lourdes<\/span>,<\/li><li style=\"box-sizing: inherit; margin-bottom: var(--spacing-one-x); padding-left: var(--spacing-one-x); border: var(--artdeco-reset-base-border-zero); font-size: var(--artdeco-reset-base-font-size-hundred-percent); vertical-align: var(--artdeco-reset-base-vertical-align-baseline); font-family: var(--artdeco-reset-typography-font-family-sans);\">\u00c0 la conception inadapt\u00e9e des postes de travail.<\/li><\/ul><p style=\"caret-color: #000000; color: #000000;\">\u00a0<\/p><p style=\"box-sizing: inherit; margin-bottom: var(--spacing-four-x); padding: var(--artdeco-reset-base-padding-zero); border: var(--artdeco-reset-base-border-zero); vertical-align: var(--artdeco-reset-base-vertical-align-baseline); line-height: var(--line-height-open); color: rgba(0, 0, 0, 0.9); font-family: -apple-system, system-ui, BlinkMacSystemFont, 'Segoe UI', Roboto, 'Helvetica Neue', 'Fira Sans', Ubuntu, Oxygen, 'Oxygen Sans', Cantarell, 'Droid Sans', 'Apple Color Emoji', 'Segoe UI Emoji', 'Segoe UI Emoji', 'Segoe UI Symbol', 'Lucida Grande', Helvetica, Arial, sans-serif; pointer-events: all; caret-color: rgba(0, 0, 0, 0.9);\">Un r\u00e8glement grand-ducal du 4 novembre 1994 (transposant la directive europ\u00e9enne 90\/270\/CEE) impose \u00e9galement des r\u00e8gles sp\u00e9cifiques pour les <span style=\"box-sizing: inherit; margin: var(--artdeco-reset-base-margin-zero); padding: var(--artdeco-reset-base-padding-zero); border: var(--artdeco-reset-base-border-zero); font-size: var(--artdeco-reset-base-font-size-hundred-percent); vertical-align: var(--artdeco-reset-base-vertical-align-baseline); outline: var(--artdeco-reset-base-outline-zero); font-family: var(--artdeco-reset-typography-font-family-sans);\">travailleurs sur \u00e9cran<\/span> :<\/p><p style=\"box-sizing: inherit; margin-bottom: var(--spacing-four-x); padding: var(--artdeco-reset-base-padding-zero); border: var(--artdeco-reset-base-border-zero); vertical-align: var(--artdeco-reset-base-vertical-align-baseline); line-height: var(--line-height-open); color: rgba(0, 0, 0, 0.9); font-family: -apple-system, system-ui, BlinkMacSystemFont, 'Segoe UI', Roboto, 'Helvetica Neue', 'Fira Sans', Ubuntu, Oxygen, 'Oxygen Sans', Cantarell, 'Droid Sans', 'Apple Color Emoji', 'Segoe UI Emoji', 'Segoe UI Emoji', 'Segoe UI Symbol', 'Lucida Grande', Helvetica, Arial, sans-serif; pointer-events: all; caret-color: rgba(0, 0, 0, 0.9);\">\u00a0<\/p><ul style=\"caret-color: #000000; font-family: var(--artdeco-reset-typography-font-family-sans); box-sizing: inherit; margin-bottom: var(--spacing-four-x); padding-left: var(--spacing-four-x); border: var(--artdeco-reset-base-border-zero); font-size: var(--font-size-medium); vertical-align: var(--artdeco-reset-base-vertical-align-baseline); line-height: var(--line-height-open);\"><li style=\"box-sizing: inherit; margin-bottom: var(--spacing-one-x); padding-left: var(--spacing-one-x); border: var(--artdeco-reset-base-border-zero); font-size: var(--artdeco-reset-base-font-size-hundred-percent); vertical-align: var(--artdeco-reset-base-vertical-align-baseline); font-family: var(--artdeco-reset-typography-font-family-sans);\">R\u00e9glage de l\u2019\u00e9cran et du si\u00e8ge,<\/li><li style=\"box-sizing: inherit; margin-bottom: var(--spacing-one-x); padding-left: var(--spacing-one-x); border: var(--artdeco-reset-base-border-zero); font-size: var(--artdeco-reset-base-font-size-hundred-percent); vertical-align: var(--artdeco-reset-base-vertical-align-baseline); font-family: var(--artdeco-reset-typography-font-family-sans);\">Hauteur et inclinaison du clavier,<\/li><li style=\"box-sizing: inherit; margin-bottom: var(--spacing-one-x); padding-left: var(--spacing-one-x); border: var(--artdeco-reset-base-border-zero); font-size: var(--artdeco-reset-base-font-size-hundred-percent); vertical-align: var(--artdeco-reset-base-vertical-align-baseline); font-family: var(--artdeco-reset-typography-font-family-sans);\">P\u00e9riodes de repos visuel,<\/li><li style=\"box-sizing: inherit; margin-bottom: var(--spacing-one-x); padding-left: var(--spacing-one-x); border: var(--artdeco-reset-base-border-zero); font-size: var(--artdeco-reset-base-font-size-hundred-percent); vertical-align: var(--artdeco-reset-base-vertical-align-baseline); font-family: var(--artdeco-reset-typography-font-family-sans);\">\u00c9clairage ambiant adapt\u00e9,<\/li><li style=\"box-sizing: inherit; margin-bottom: var(--spacing-one-x); padding-left: var(--spacing-one-x); border: var(--artdeco-reset-base-border-zero); font-size: var(--artdeco-reset-base-font-size-hundred-percent); vertical-align: var(--artdeco-reset-base-vertical-align-baseline); font-family: var(--artdeco-reset-typography-font-family-sans);\">Formation \u00e0 l\u2019utilisation du poste.<\/li><\/ul><p style=\"caret-color: #000000; color: #000000;\">\u00a0<\/p><p style=\"box-sizing: inherit; margin-bottom: var(--spacing-four-x); padding: var(--artdeco-reset-base-padding-zero); border: var(--artdeco-reset-base-border-zero); vertical-align: var(--artdeco-reset-base-vertical-align-baseline); line-height: var(--line-height-open); color: rgba(0, 0, 0, 0.9); font-family: -apple-system, system-ui, BlinkMacSystemFont, 'Segoe UI', Roboto, 'Helvetica Neue', 'Fira Sans', Ubuntu, Oxygen, 'Oxygen Sans', Cantarell, 'Droid Sans', 'Apple Color Emoji', 'Segoe UI Emoji', 'Segoe UI Emoji', 'Segoe UI Symbol', 'Lucida Grande', Helvetica, Arial, sans-serif; pointer-events: all; caret-color: rgba(0, 0, 0, 0.9);\">\ud83d\udca1 Peu de dirigeants savent que l\u2019ITM peut <span style=\"box-sizing: inherit; margin: var(--artdeco-reset-base-margin-zero); padding: var(--artdeco-reset-base-padding-zero); border: var(--artdeco-reset-base-border-zero); font-size: var(--artdeco-reset-base-font-size-hundred-percent); vertical-align: var(--artdeco-reset-base-vertical-align-baseline); outline: var(--artdeco-reset-base-outline-zero); font-family: var(--artdeco-reset-typography-font-family-sans);\">demander des comptes<\/span> en cas d\u2019am\u00e9nagement non conforme, surtout si un salari\u00e9 d\u00e9veloppe des TMS ou une pathologie li\u00e9e au poste. Et en cas d\u2019enqu\u00eate post-accident ou post-d\u00e9claration de maladie professionnelle, l\u2019absence de d\u00e9marche ergonomique peut peser lourdement.<\/p><p style=\"box-sizing: inherit; margin-bottom: var(--spacing-four-x); padding: var(--artdeco-reset-base-padding-zero); border: var(--artdeco-reset-base-border-zero); vertical-align: var(--artdeco-reset-base-vertical-align-baseline); line-height: var(--line-height-open); color: rgba(0, 0, 0, 0.9); font-family: -apple-system, system-ui, BlinkMacSystemFont, 'Segoe UI', Roboto, 'Helvetica Neue', 'Fira Sans', Ubuntu, Oxygen, 'Oxygen Sans', Cantarell, 'Droid Sans', 'Apple Color Emoji', 'Segoe UI Emoji', 'Segoe UI Emoji', 'Segoe UI Symbol', 'Lucida Grande', Helvetica, Arial, sans-serif; pointer-events: all; caret-color: rgba(0, 0, 0, 0.9);\">\u00a0<\/p><hr style=\"box-sizing: inherit; border-right-width: 0px; border-bottom-width: 0px; border-left-width: 0px; border-right-style: none; border-bottom-style: none; border-left-style: none; height: 1px; margin-bottom: var(--spacing-four-x); padding: 0px; border-right-color: rgba(0, 0, 0, 0.15); border-bottom-color: rgba(0, 0, 0, 0.15); border-left-color: rgba(0, 0, 0, 0.15); border-top: solid 1px var(--color-border-faint); font-family: -apple-system, system-ui, BlinkMacSystemFont, 'Segoe UI', Roboto, 'Helvetica Neue', 'Fira Sans', Ubuntu, Oxygen, 'Oxygen Sans', Cantarell, 'Droid Sans', 'Apple Color Emoji', 'Segoe UI Emoji', 'Segoe UI Emoji', 'Segoe UI Symbol', 'Lucida Grande', Helvetica, Arial, sans-serif; width: 584px;\" \/><h3 style=\"box-sizing: inherit; margin-bottom: var(--spacing-two-x); padding: var(--artdeco-reset-base-padding-zero); border: var(--artdeco-reset-base-border-zero); font-size: var(--font-size-xlarge); vertical-align: var(--artdeco-reset-base-vertical-align-baseline); outline: var(--artdeco-reset-base-outline-zero); color: rgba(0, 0, 0, 0.9); line-height: var(--line-height-default); font-family: -apple-system, system-ui, BlinkMacSystemFont, 'Segoe UI', Roboto, 'Helvetica Neue', 'Fira Sans', Ubuntu, Oxygen, 'Oxygen Sans', Cantarell, 'Droid Sans', 'Apple Color Emoji', 'Segoe UI Emoji', 'Segoe UI Emoji', 'Segoe UI Symbol', 'Lucida Grande', Helvetica, Arial, sans-serif; caret-color: rgba(0, 0, 0, 0.9);\">Les erreurs qu\u2019on retrouve (trop) souvent sur le terrain<\/h3><p style=\"box-sizing: inherit; margin-bottom: var(--spacing-four-x); padding: var(--artdeco-reset-base-padding-zero); border: var(--artdeco-reset-base-border-zero); vertical-align: var(--artdeco-reset-base-vertical-align-baseline); line-height: var(--line-height-open); color: rgba(0, 0, 0, 0.9); font-family: -apple-system, system-ui, BlinkMacSystemFont, 'Segoe UI', Roboto, 'Helvetica Neue', 'Fira Sans', Ubuntu, Oxygen, 'Oxygen Sans', Cantarell, 'Droid Sans', 'Apple Color Emoji', 'Segoe UI Emoji', 'Segoe UI Emoji', 'Segoe UI Symbol', 'Lucida Grande', Helvetica, Arial, sans-serif; pointer-events: all; caret-color: rgba(0, 0, 0, 0.9);\">Voici ce que je constate r\u00e9guli\u00e8rement lors d\u2019audits ou de formations en entreprise :<\/p><p style=\"box-sizing: inherit; margin-bottom: var(--spacing-four-x); padding: var(--artdeco-reset-base-padding-zero); border: var(--artdeco-reset-base-border-zero); vertical-align: var(--artdeco-reset-base-vertical-align-baseline); line-height: var(--line-height-open); color: rgba(0, 0, 0, 0.9); font-family: -apple-system, system-ui, BlinkMacSystemFont, 'Segoe UI', Roboto, 'Helvetica Neue', 'Fira Sans', Ubuntu, Oxygen, 'Oxygen Sans', Cantarell, 'Droid Sans', 'Apple Color Emoji', 'Segoe UI Emoji', 'Segoe UI Emoji', 'Segoe UI Symbol', 'Lucida Grande', Helvetica, Arial, sans-serif; pointer-events: all; caret-color: rgba(0, 0, 0, 0.9);\">\u274c Des bureaux trop hauts ou trop bas, avec des bras constamment en tension.<\/p><p style=\"box-sizing: inherit; margin-bottom: var(--spacing-four-x); padding: var(--artdeco-reset-base-padding-zero); border: var(--artdeco-reset-base-border-zero); vertical-align: var(--artdeco-reset-base-vertical-align-baseline); line-height: var(--line-height-open); color: rgba(0, 0, 0, 0.9); font-family: -apple-system, system-ui, BlinkMacSystemFont, 'Segoe UI', Roboto, 'Helvetica Neue', 'Fira Sans', Ubuntu, Oxygen, 'Oxygen Sans', Cantarell, 'Droid Sans', 'Apple Color Emoji', 'Segoe UI Emoji', 'Segoe UI Emoji', 'Segoe UI Symbol', 'Lucida Grande', Helvetica, Arial, sans-serif; pointer-events: all; caret-color: rgba(0, 0, 0, 0.9);\">\u274c Des \u00e9crans mal plac\u00e9s (trop bas ou de c\u00f4t\u00e9), provoquant douleurs cervicales ou migraines.<\/p><p style=\"box-sizing: inherit; margin-bottom: var(--spacing-four-x); padding: var(--artdeco-reset-base-padding-zero); border: var(--artdeco-reset-base-border-zero); vertical-align: var(--artdeco-reset-base-vertical-align-baseline); line-height: var(--line-height-open); color: rgba(0, 0, 0, 0.9); font-family: -apple-system, system-ui, BlinkMacSystemFont, 'Segoe UI', Roboto, 'Helvetica Neue', 'Fira Sans', Ubuntu, Oxygen, 'Oxygen Sans', Cantarell, 'Droid Sans', 'Apple Color Emoji', 'Segoe UI Emoji', 'Segoe UI Emoji', 'Segoe UI Symbol', 'Lucida Grande', Helvetica, Arial, sans-serif; pointer-events: all; caret-color: rgba(0, 0, 0, 0.9);\">\u274c Des si\u00e8ges sans r\u00e9glage lombaire ou trop anciens.<\/p><p style=\"box-sizing: inherit; margin-bottom: var(--spacing-four-x); padding: var(--artdeco-reset-base-padding-zero); border: var(--artdeco-reset-base-border-zero); vertical-align: var(--artdeco-reset-base-vertical-align-baseline); line-height: var(--line-height-open); color: rgba(0, 0, 0, 0.9); font-family: -apple-system, system-ui, BlinkMacSystemFont, 'Segoe UI', Roboto, 'Helvetica Neue', 'Fira Sans', Ubuntu, Oxygen, 'Oxygen Sans', Cantarell, 'Droid Sans', 'Apple Color Emoji', 'Segoe UI Emoji', 'Segoe UI Emoji', 'Segoe UI Symbol', 'Lucida Grande', Helvetica, Arial, sans-serif; pointer-events: all; caret-color: rgba(0, 0, 0, 0.9);\">\u274c L\u2019absence totale de consignes sur les pauses actives ou les bonnes postures.<\/p><p style=\"box-sizing: inherit; margin-bottom: var(--spacing-four-x); padding: var(--artdeco-reset-base-padding-zero); border: var(--artdeco-reset-base-border-zero); vertical-align: var(--artdeco-reset-base-vertical-align-baseline); line-height: var(--line-height-open); color: rgba(0, 0, 0, 0.9); font-family: -apple-system, system-ui, BlinkMacSystemFont, 'Segoe UI', Roboto, 'Helvetica Neue', 'Fira Sans', Ubuntu, Oxygen, 'Oxygen Sans', Cantarell, 'Droid Sans', 'Apple Color Emoji', 'Segoe UI Emoji', 'Segoe UI Emoji', 'Segoe UI Symbol', 'Lucida Grande', Helvetica, Arial, sans-serif; pointer-events: all; caret-color: rgba(0, 0, 0, 0.9);\">\u274c Dans les ateliers ou l\u2019industrie : des plans de travail non adapt\u00e9s \u00e0 la taille des op\u00e9rateurs, ou un \u00e9clairage inappropri\u00e9.<\/p><p style=\"box-sizing: inherit; margin-bottom: var(--spacing-four-x); padding: var(--artdeco-reset-base-padding-zero); border: var(--artdeco-reset-base-border-zero); vertical-align: var(--artdeco-reset-base-vertical-align-baseline); line-height: var(--line-height-open); color: rgba(0, 0, 0, 0.9); font-family: -apple-system, system-ui, BlinkMacSystemFont, 'Segoe UI', Roboto, 'Helvetica Neue', 'Fira Sans', Ubuntu, Oxygen, 'Oxygen Sans', Cantarell, 'Droid Sans', 'Apple Color Emoji', 'Segoe UI Emoji', 'Segoe UI Emoji', 'Segoe UI Symbol', 'Lucida Grande', Helvetica, Arial, sans-serif; pointer-events: all; caret-color: rgba(0, 0, 0, 0.9);\">R\u00e9sultat ? Des douleurs, des arr\u00eats, des salari\u00e9s d\u00e9motiv\u00e9s\u2026 et parfois, une explosion du <span style=\"box-sizing: inherit; margin: var(--artdeco-reset-base-margin-zero); padding: var(--artdeco-reset-base-padding-zero); border: var(--artdeco-reset-base-border-zero); font-size: var(--artdeco-reset-base-font-size-hundred-percent); vertical-align: var(--artdeco-reset-base-vertical-align-baseline); outline: var(--artdeco-reset-base-outline-zero); font-family: var(--artdeco-reset-typography-font-family-sans);\">turnover<\/span>. Sans compter les tensions internes qui \u00e9mergent lorsqu\u2019un salari\u00e9 se sent \u00ab us\u00e9 \u00bb par son poste.<\/p><p style=\"box-sizing: inherit; margin-bottom: var(--spacing-four-x); padding: var(--artdeco-reset-base-padding-zero); border: var(--artdeco-reset-base-border-zero); vertical-align: var(--artdeco-reset-base-vertical-align-baseline); line-height: var(--line-height-open); color: rgba(0, 0, 0, 0.9); font-family: -apple-system, system-ui, BlinkMacSystemFont, 'Segoe UI', Roboto, 'Helvetica Neue', 'Fira Sans', Ubuntu, Oxygen, 'Oxygen Sans', Cantarell, 'Droid Sans', 'Apple Color Emoji', 'Segoe UI Emoji', 'Segoe UI Emoji', 'Segoe UI Symbol', 'Lucida Grande', Helvetica, Arial, sans-serif; pointer-events: all; caret-color: rgba(0, 0, 0, 0.9);\">\u00a0<\/p><hr style=\"box-sizing: inherit; border-right-width: 0px; border-bottom-width: 0px; border-left-width: 0px; border-right-style: none; border-bottom-style: none; border-left-style: none; height: 1px; margin-bottom: var(--spacing-four-x); padding: 0px; border-right-color: rgba(0, 0, 0, 0.15); border-bottom-color: rgba(0, 0, 0, 0.15); border-left-color: rgba(0, 0, 0, 0.15); border-top: solid 1px var(--color-border-faint); font-family: -apple-system, system-ui, BlinkMacSystemFont, 'Segoe UI', Roboto, 'Helvetica Neue', 'Fira Sans', Ubuntu, Oxygen, 'Oxygen Sans', Cantarell, 'Droid Sans', 'Apple Color Emoji', 'Segoe UI Emoji', 'Segoe UI Emoji', 'Segoe UI Symbol', 'Lucida Grande', Helvetica, Arial, sans-serif; width: 584px;\" \/><h3 style=\"box-sizing: inherit; margin-bottom: var(--spacing-two-x); padding: var(--artdeco-reset-base-padding-zero); border: var(--artdeco-reset-base-border-zero); font-size: var(--font-size-xlarge); vertical-align: var(--artdeco-reset-base-vertical-align-baseline); outline: var(--artdeco-reset-base-outline-zero); color: rgba(0, 0, 0, 0.9); line-height: var(--line-height-default); font-family: -apple-system, system-ui, BlinkMacSystemFont, 'Segoe UI', Roboto, 'Helvetica Neue', 'Fira Sans', Ubuntu, Oxygen, 'Oxygen Sans', Cantarell, 'Droid Sans', 'Apple Color Emoji', 'Segoe UI Emoji', 'Segoe UI Emoji', 'Segoe UI Symbol', 'Lucida Grande', Helvetica, Arial, sans-serif; caret-color: rgba(0, 0, 0, 0.9);\">Pourquoi l\u2019ergonomie est une strat\u00e9gie gagnante ?<\/h3><p style=\"box-sizing: inherit; margin-bottom: var(--spacing-four-x); padding: var(--artdeco-reset-base-padding-zero); border: var(--artdeco-reset-base-border-zero); vertical-align: var(--artdeco-reset-base-vertical-align-baseline); line-height: var(--line-height-open); color: rgba(0, 0, 0, 0.9); font-family: -apple-system, system-ui, BlinkMacSystemFont, 'Segoe UI', Roboto, 'Helvetica Neue', 'Fira Sans', Ubuntu, Oxygen, 'Oxygen Sans', Cantarell, 'Droid Sans', 'Apple Color Emoji', 'Segoe UI Emoji', 'Segoe UI Emoji', 'Segoe UI Symbol', 'Lucida Grande', Helvetica, Arial, sans-serif; pointer-events: all; caret-color: rgba(0, 0, 0, 0.9);\">L\u2019ergonomie, ce n\u2019est pas juste du confort. C\u2019est <span style=\"box-sizing: inherit; margin: var(--artdeco-reset-base-margin-zero); padding: var(--artdeco-reset-base-padding-zero); border: var(--artdeco-reset-base-border-zero); font-size: var(--artdeco-reset-base-font-size-hundred-percent); vertical-align: var(--artdeco-reset-base-vertical-align-baseline); outline: var(--artdeco-reset-base-outline-zero); font-family: var(--artdeco-reset-typography-font-family-sans);\">un vrai levier de performance.<\/span><\/p><p style=\"box-sizing: inherit; margin-bottom: var(--spacing-four-x); padding: var(--artdeco-reset-base-padding-zero); border: var(--artdeco-reset-base-border-zero); vertical-align: var(--artdeco-reset-base-vertical-align-baseline); line-height: var(--line-height-open); color: rgba(0, 0, 0, 0.9); font-family: -apple-system, system-ui, BlinkMacSystemFont, 'Segoe UI', Roboto, 'Helvetica Neue', 'Fira Sans', Ubuntu, Oxygen, 'Oxygen Sans', Cantarell, 'Droid Sans', 'Apple Color Emoji', 'Segoe UI Emoji', 'Segoe UI Emoji', 'Segoe UI Symbol', 'Lucida Grande', Helvetica, Arial, sans-serif; pointer-events: all; caret-color: rgba(0, 0, 0, 0.9);\">\ud83d\udcc8 Une \u00e9tude de l\u2019INRS a montr\u00e9 qu\u2019un poste bien am\u00e9nag\u00e9 peut r\u00e9duire jusqu\u2019\u00e0 <span style=\"box-sizing: inherit; margin: var(--artdeco-reset-base-margin-zero); padding: var(--artdeco-reset-base-padding-zero); border: var(--artdeco-reset-base-border-zero); font-size: var(--artdeco-reset-base-font-size-hundred-percent); vertical-align: var(--artdeco-reset-base-vertical-align-baseline); outline: var(--artdeco-reset-base-outline-zero); font-family: var(--artdeco-reset-typography-font-family-sans);\">60 % des troubles d\u00e9clar\u00e9s<\/span> par les salari\u00e9s et am\u00e9liorer de <span style=\"box-sizing: inherit; margin: var(--artdeco-reset-base-margin-zero); padding: var(--artdeco-reset-base-padding-zero); border: var(--artdeco-reset-base-border-zero); font-size: var(--artdeco-reset-base-font-size-hundred-percent); vertical-align: var(--artdeco-reset-base-vertical-align-baseline); outline: var(--artdeco-reset-base-outline-zero); font-family: var(--artdeco-reset-typography-font-family-sans);\">15 \u00e0 25 % la productivit\u00e9<\/span> dans certains m\u00e9tiers manuels ou de bureau.<\/p><p style=\"box-sizing: inherit; margin-bottom: var(--spacing-four-x); padding: var(--artdeco-reset-base-padding-zero); border: var(--artdeco-reset-base-border-zero); vertical-align: var(--artdeco-reset-base-vertical-align-baseline); line-height: var(--line-height-open); color: rgba(0, 0, 0, 0.9); font-family: -apple-system, system-ui, BlinkMacSystemFont, 'Segoe UI', Roboto, 'Helvetica Neue', 'Fira Sans', Ubuntu, Oxygen, 'Oxygen Sans', Cantarell, 'Droid Sans', 'Apple Color Emoji', 'Segoe UI Emoji', 'Segoe UI Emoji', 'Segoe UI Symbol', 'Lucida Grande', Helvetica, Arial, sans-serif; pointer-events: all; caret-color: rgba(0, 0, 0, 0.9);\">\ud83d\udcb0 D\u2019un point de vue \u00e9conomique, le retour sur investissement d\u2019un programme d\u2019ergonomie est estim\u00e9 entre <span style=\"box-sizing: inherit; margin: var(--artdeco-reset-base-margin-zero); padding: var(--artdeco-reset-base-padding-zero); border: var(--artdeco-reset-base-border-zero); font-size: var(--artdeco-reset-base-font-size-hundred-percent); vertical-align: var(--artdeco-reset-base-vertical-align-baseline); outline: var(--artdeco-reset-base-outline-zero); font-family: var(--artdeco-reset-typography-font-family-sans);\">2 et 6 fois le co\u00fbt engag\u00e9<\/span> (source : OSHA Europe).<\/p><p style=\"box-sizing: inherit; margin-bottom: var(--spacing-four-x); padding: var(--artdeco-reset-base-padding-zero); border: var(--artdeco-reset-base-border-zero); vertical-align: var(--artdeco-reset-base-vertical-align-baseline); line-height: var(--line-height-open); color: rgba(0, 0, 0, 0.9); font-family: -apple-system, system-ui, BlinkMacSystemFont, 'Segoe UI', Roboto, 'Helvetica Neue', 'Fira Sans', Ubuntu, Oxygen, 'Oxygen Sans', Cantarell, 'Droid Sans', 'Apple Color Emoji', 'Segoe UI Emoji', 'Segoe UI Emoji', 'Segoe UI Symbol', 'Lucida Grande', Helvetica, Arial, sans-serif; pointer-events: all; caret-color: rgba(0, 0, 0, 0.9);\">\ud83d\udccd Et c\u2019est aussi un point que <span style=\"box-sizing: inherit; margin: var(--artdeco-reset-base-margin-zero); padding: var(--artdeco-reset-base-padding-zero); border: var(--artdeco-reset-base-border-zero); font-size: var(--artdeco-reset-base-font-size-hundred-percent); vertical-align: var(--artdeco-reset-base-vertical-align-baseline); outline: var(--artdeco-reset-base-outline-zero); font-family: var(--artdeco-reset-typography-font-family-sans);\">les assurances et caisses sociales observent de plus en plus<\/span>. Un employeur qui anticipe les risques est aussi un employeur qui d\u00e9montre une culture de pr\u00e9vention, ce qui peut peser favorablement dans certaines d\u00e9marches (accidents, indemnisations, contr\u00f4les).<\/p><p style=\"box-sizing: inherit; margin-bottom: var(--spacing-four-x); padding: var(--artdeco-reset-base-padding-zero); border: var(--artdeco-reset-base-border-zero); vertical-align: var(--artdeco-reset-base-vertical-align-baseline); line-height: var(--line-height-open); color: rgba(0, 0, 0, 0.9); font-family: -apple-system, system-ui, BlinkMacSystemFont, 'Segoe UI', Roboto, 'Helvetica Neue', 'Fira Sans', Ubuntu, Oxygen, 'Oxygen Sans', Cantarell, 'Droid Sans', 'Apple Color Emoji', 'Segoe UI Emoji', 'Segoe UI Emoji', 'Segoe UI Symbol', 'Lucida Grande', Helvetica, Arial, sans-serif; pointer-events: all; caret-color: rgba(0, 0, 0, 0.9);\">\ud83e\udde0 Et au niveau mental, les salari\u00e9s se sentent <span style=\"box-sizing: inherit; margin: var(--artdeco-reset-base-margin-zero); padding: var(--artdeco-reset-base-padding-zero); border: var(--artdeco-reset-base-border-zero); font-size: var(--artdeco-reset-base-font-size-hundred-percent); vertical-align: var(--artdeco-reset-base-vertical-align-baseline); outline: var(--artdeco-reset-base-outline-zero); font-family: var(--artdeco-reset-typography-font-family-sans);\">\u00e9cout\u00e9s<\/span>, <span style=\"box-sizing: inherit; margin: var(--artdeco-reset-base-margin-zero); padding: var(--artdeco-reset-base-padding-zero); border: var(--artdeco-reset-base-border-zero); font-size: var(--artdeco-reset-base-font-size-hundred-percent); vertical-align: var(--artdeco-reset-base-vertical-align-baseline); outline: var(--artdeco-reset-base-outline-zero); font-family: var(--artdeco-reset-typography-font-family-sans);\">pris en consid\u00e9ration<\/span> et <span style=\"box-sizing: inherit; margin: var(--artdeco-reset-base-margin-zero); padding: var(--artdeco-reset-base-padding-zero); border: var(--artdeco-reset-base-border-zero); font-size: var(--artdeco-reset-base-font-size-hundred-percent); vertical-align: var(--artdeco-reset-base-vertical-align-baseline); outline: var(--artdeco-reset-base-outline-zero); font-family: var(--artdeco-reset-typography-font-family-sans);\">davantage engag\u00e9s<\/span>.<\/p><p style=\"box-sizing: inherit; margin-bottom: var(--spacing-four-x); padding: var(--artdeco-reset-base-padding-zero); border: var(--artdeco-reset-base-border-zero); vertical-align: var(--artdeco-reset-base-vertical-align-baseline); line-height: var(--line-height-open); color: rgba(0, 0, 0, 0.9); font-family: -apple-system, system-ui, BlinkMacSystemFont, 'Segoe UI', Roboto, 'Helvetica Neue', 'Fira Sans', Ubuntu, Oxygen, 'Oxygen Sans', Cantarell, 'Droid Sans', 'Apple Color Emoji', 'Segoe UI Emoji', 'Segoe UI Emoji', 'Segoe UI Symbol', 'Lucida Grande', Helvetica, Arial, sans-serif; pointer-events: all; caret-color: rgba(0, 0, 0, 0.9);\">\u00a0<\/p><hr style=\"box-sizing: inherit; border-right-width: 0px; border-bottom-width: 0px; border-left-width: 0px; border-right-style: none; border-bottom-style: none; border-left-style: none; height: 1px; margin-bottom: var(--spacing-four-x); padding: 0px; border-right-color: rgba(0, 0, 0, 0.15); border-bottom-color: rgba(0, 0, 0, 0.15); border-left-color: rgba(0, 0, 0, 0.15); border-top: solid 1px var(--color-border-faint); font-family: -apple-system, system-ui, BlinkMacSystemFont, 'Segoe UI', Roboto, 'Helvetica Neue', 'Fira Sans', Ubuntu, Oxygen, 'Oxygen Sans', Cantarell, 'Droid Sans', 'Apple Color Emoji', 'Segoe UI Emoji', 'Segoe UI Emoji', 'Segoe UI Symbol', 'Lucida Grande', Helvetica, Arial, sans-serif; width: 584px;\" \/><h3 style=\"box-sizing: inherit; margin-bottom: var(--spacing-two-x); padding: var(--artdeco-reset-base-padding-zero); border: var(--artdeco-reset-base-border-zero); font-size: var(--font-size-xlarge); vertical-align: var(--artdeco-reset-base-vertical-align-baseline); outline: var(--artdeco-reset-base-outline-zero); color: rgba(0, 0, 0, 0.9); line-height: var(--line-height-default); font-family: -apple-system, system-ui, BlinkMacSystemFont, 'Segoe UI', Roboto, 'Helvetica Neue', 'Fira Sans', Ubuntu, Oxygen, 'Oxygen Sans', Cantarell, 'Droid Sans', 'Apple Color Emoji', 'Segoe UI Emoji', 'Segoe UI Emoji', 'Segoe UI Symbol', 'Lucida Grande', Helvetica, Arial, sans-serif; caret-color: rgba(0, 0, 0, 0.9);\">Les \u00e9tapes cl\u00e9s pour am\u00e9liorer l\u2019ergonomie dans votre entreprise<\/h3><p style=\"box-sizing: inherit; margin-bottom: var(--spacing-four-x); padding: var(--artdeco-reset-base-padding-zero); border: var(--artdeco-reset-base-border-zero); vertical-align: var(--artdeco-reset-base-vertical-align-baseline); line-height: var(--line-height-open); color: rgba(0, 0, 0, 0.9); font-family: -apple-system, system-ui, BlinkMacSystemFont, 'Segoe UI', Roboto, 'Helvetica Neue', 'Fira Sans', Ubuntu, Oxygen, 'Oxygen Sans', Cantarell, 'Droid Sans', 'Apple Color Emoji', 'Segoe UI Emoji', 'Segoe UI Emoji', 'Segoe UI Symbol', 'Lucida Grande', Helvetica, Arial, sans-serif; pointer-events: all; caret-color: rgba(0, 0, 0, 0.9);\">\u00a0<\/p><ol style=\"caret-color: #000000; font-family: var(--artdeco-reset-typography-font-family-sans); box-sizing: inherit; margin-bottom: var(--spacing-four-x); padding-left: var(--spacing-four-x); border: var(--artdeco-reset-base-border-zero); font-size: var(--font-size-medium); vertical-align: var(--artdeco-reset-base-vertical-align-baseline); line-height: var(--line-height-open);\"><li style=\"box-sizing: inherit; margin-bottom: var(--spacing-one-x); padding-left: var(--spacing-one-x); border: var(--artdeco-reset-base-border-zero); font-size: var(--artdeco-reset-base-font-size-hundred-percent); vertical-align: var(--artdeco-reset-base-vertical-align-baseline); font-family: var(--artdeco-reset-typography-font-family-sans);\"><span style=\"box-sizing: inherit; margin: var(--artdeco-reset-base-margin-zero); padding: var(--artdeco-reset-base-padding-zero); border: var(--artdeco-reset-base-border-zero); font-size: var(--artdeco-reset-base-font-size-hundred-percent); vertical-align: var(--artdeco-reset-base-vertical-align-baseline); outline: var(--artdeco-reset-base-outline-zero); font-family: var(--artdeco-reset-typography-font-family-sans);\">Faire un audit ergonomique sur site<\/span> : Poste par poste, observer les contraintes physiques et posturales.<\/li><li style=\"box-sizing: inherit; margin-bottom: var(--spacing-one-x); padding-left: var(--spacing-one-x); border: var(--artdeco-reset-base-border-zero); font-size: var(--artdeco-reset-base-font-size-hundred-percent); vertical-align: var(--artdeco-reset-base-vertical-align-baseline); font-family: var(--artdeco-reset-typography-font-family-sans);\"><span style=\"box-sizing: inherit; margin: var(--artdeco-reset-base-margin-zero); padding: var(--artdeco-reset-base-padding-zero); border: var(--artdeco-reset-base-border-zero); font-size: var(--artdeco-reset-base-font-size-hundred-percent); vertical-align: var(--artdeco-reset-base-vertical-align-baseline); outline: var(--artdeco-reset-base-outline-zero); font-family: var(--artdeco-reset-typography-font-family-sans);\">Impliquer les collaborateurs<\/span> : Ce sont eux qui vivent le poste. Leurs retours sont essentiels.<\/li><li style=\"box-sizing: inherit; margin-bottom: var(--spacing-one-x); padding-left: var(--spacing-one-x); border: var(--artdeco-reset-base-border-zero); font-size: var(--artdeco-reset-base-font-size-hundred-percent); vertical-align: var(--artdeco-reset-base-vertical-align-baseline); font-family: var(--artdeco-reset-typography-font-family-sans);\"><span style=\"box-sizing: inherit; margin: var(--artdeco-reset-base-margin-zero); padding: var(--artdeco-reset-base-padding-zero); border: var(--artdeco-reset-base-border-zero); font-size: var(--artdeco-reset-base-font-size-hundred-percent); vertical-align: var(--artdeco-reset-base-vertical-align-baseline); outline: var(--artdeco-reset-base-outline-zero); font-family: var(--artdeco-reset-typography-font-family-sans);\">Adapter le mat\u00e9riel<\/span> : Tables r\u00e9glables, \u00e9crans sur\u00e9lev\u00e9s, repose-pieds, souris verticales, lampes LED orientables, etc.<\/li><li style=\"box-sizing: inherit; margin-bottom: var(--spacing-one-x); padding-left: var(--spacing-one-x); border: var(--artdeco-reset-base-border-zero); font-size: var(--artdeco-reset-base-font-size-hundred-percent); vertical-align: var(--artdeco-reset-base-vertical-align-baseline); font-family: var(--artdeco-reset-typography-font-family-sans);\"><span style=\"box-sizing: inherit; margin: var(--artdeco-reset-base-margin-zero); padding: var(--artdeco-reset-base-padding-zero); border: var(--artdeco-reset-base-border-zero); font-size: var(--artdeco-reset-base-font-size-hundred-percent); vertical-align: var(--artdeco-reset-base-vertical-align-baseline); outline: var(--artdeco-reset-base-outline-zero); font-family: var(--artdeco-reset-typography-font-family-sans);\">Former les \u00e9quipes<\/span> : Aux bonnes postures, aux micro-pauses, aux gestes d\u2019\u00e9chauffement.<\/li><li style=\"box-sizing: inherit; margin-bottom: var(--spacing-one-x); padding-left: var(--spacing-one-x); border: var(--artdeco-reset-base-border-zero); font-size: var(--artdeco-reset-base-font-size-hundred-percent); vertical-align: var(--artdeco-reset-base-vertical-align-baseline); font-family: var(--artdeco-reset-typography-font-family-sans);\"><span style=\"box-sizing: inherit; margin: var(--artdeco-reset-base-margin-zero); padding: var(--artdeco-reset-base-padding-zero); border: var(--artdeco-reset-base-border-zero); font-size: var(--artdeco-reset-base-font-size-hundred-percent); vertical-align: var(--artdeco-reset-base-vertical-align-baseline); outline: var(--artdeco-reset-base-outline-zero); font-family: var(--artdeco-reset-typography-font-family-sans);\">Mettre en place un plan de pr\u00e9vention sp\u00e9cifique TMS<\/span> : Avec indicateurs de suivi, actions correctives, communication.<\/li><li style=\"box-sizing: inherit; margin-bottom: var(--spacing-one-x); padding-left: var(--spacing-one-x); border: var(--artdeco-reset-base-border-zero); font-size: var(--artdeco-reset-base-font-size-hundred-percent); vertical-align: var(--artdeco-reset-base-vertical-align-baseline); font-family: var(--artdeco-reset-typography-font-family-sans);\"><span style=\"box-sizing: inherit; margin: var(--artdeco-reset-base-margin-zero); padding: var(--artdeco-reset-base-padding-zero); border: var(--artdeco-reset-base-border-zero); font-size: var(--artdeco-reset-base-font-size-hundred-percent); vertical-align: var(--artdeco-reset-base-vertical-align-baseline); outline: var(--artdeco-reset-base-outline-zero); font-family: var(--artdeco-reset-typography-font-family-sans);\">Documenter chaque action<\/span> : Pour \u00eatre capable de d\u00e9montrer une politique de pr\u00e9vention s\u00e9rieuse en cas de contr\u00f4le ITM ou de d\u00e9claration de maladie professionnelle.<\/li><\/ol><p style=\"caret-color: #000000; color: #000000;\">\u00a0<\/p><hr style=\"box-sizing: inherit; border-right-width: 0px; border-bottom-width: 0px; border-left-width: 0px; border-right-style: none; border-bottom-style: none; border-left-style: none; height: 1px; margin-bottom: var(--spacing-four-x); padding: 0px; border-right-color: rgba(0, 0, 0, 0.15); border-bottom-color: rgba(0, 0, 0, 0.15); border-left-color: rgba(0, 0, 0, 0.15); border-top: solid 1px var(--color-border-faint); font-family: -apple-system, system-ui, BlinkMacSystemFont, 'Segoe UI', Roboto, 'Helvetica Neue', 'Fira Sans', Ubuntu, Oxygen, 'Oxygen Sans', Cantarell, 'Droid Sans', 'Apple Color Emoji', 'Segoe UI Emoji', 'Segoe UI Emoji', 'Segoe UI Symbol', 'Lucida Grande', Helvetica, Arial, sans-serif; width: 584px;\" \/><h3 style=\"box-sizing: inherit; margin-bottom: var(--spacing-two-x); padding: var(--artdeco-reset-base-padding-zero); border: var(--artdeco-reset-base-border-zero); font-size: var(--font-size-xlarge); vertical-align: var(--artdeco-reset-base-vertical-align-baseline); outline: var(--artdeco-reset-base-outline-zero); color: rgba(0, 0, 0, 0.9); line-height: var(--line-height-default); font-family: -apple-system, system-ui, BlinkMacSystemFont, 'Segoe UI', Roboto, 'Helvetica Neue', 'Fira Sans', Ubuntu, Oxygen, 'Oxygen Sans', Cantarell, 'Droid Sans', 'Apple Color Emoji', 'Segoe UI Emoji', 'Segoe UI Emoji', 'Segoe UI Symbol', 'Lucida Grande', Helvetica, Arial, sans-serif; caret-color: rgba(0, 0, 0, 0.9);\">Mon conseil<\/h3><p style=\"box-sizing: inherit; margin-bottom: var(--spacing-four-x); padding: var(--artdeco-reset-base-padding-zero); border: var(--artdeco-reset-base-border-zero); vertical-align: var(--artdeco-reset-base-vertical-align-baseline); line-height: var(--line-height-open); color: rgba(0, 0, 0, 0.9); font-family: -apple-system, system-ui, BlinkMacSystemFont, 'Segoe UI', Roboto, 'Helvetica Neue', 'Fira Sans', Ubuntu, Oxygen, 'Oxygen Sans', Cantarell, 'Droid Sans', 'Apple Color Emoji', 'Segoe UI Emoji', 'Segoe UI Emoji', 'Segoe UI Symbol', 'Lucida Grande', Helvetica, Arial, sans-serif; pointer-events: all; caret-color: rgba(0, 0, 0, 0.9);\">Ne voyez pas l\u2019ergonomie comme un investissement \u00ab confort \u00bb. Voyez-la comme un <span style=\"box-sizing: inherit; margin: var(--artdeco-reset-base-margin-zero); padding: var(--artdeco-reset-base-padding-zero); border: var(--artdeco-reset-base-border-zero); font-size: var(--artdeco-reset-base-font-size-hundred-percent); vertical-align: var(--artdeco-reset-base-vertical-align-baseline); outline: var(--artdeco-reset-base-outline-zero); font-family: var(--artdeco-reset-typography-font-family-sans);\">acte de performance durable<\/span>. Dans un march\u00e9 de l\u2019emploi tendu, o\u00f9 fid\u00e9liser ses \u00e9quipes est un d\u00e9fi, miser sur le bien-\u00eatre physique <span style=\"box-sizing: inherit; margin: var(--artdeco-reset-base-margin-zero); padding: var(--artdeco-reset-base-padding-zero); border: var(--artdeco-reset-base-border-zero); font-size: var(--artdeco-reset-base-font-size-hundred-percent); vertical-align: var(--artdeco-reset-base-vertical-align-baseline); outline: var(--artdeco-reset-base-outline-zero); font-family: var(--artdeco-reset-typography-font-family-sans);\">c\u2019est aussi envoyer un message fort<\/span> : \u00ab Ici, on prend soin de vous. \u00bb<\/p><p style=\"box-sizing: inherit; margin-bottom: var(--spacing-four-x); padding: var(--artdeco-reset-base-padding-zero); border: var(--artdeco-reset-base-border-zero); vertical-align: var(--artdeco-reset-base-vertical-align-baseline); line-height: var(--line-height-open); color: rgba(0, 0, 0, 0.9); font-family: -apple-system, system-ui, BlinkMacSystemFont, 'Segoe UI', Roboto, 'Helvetica Neue', 'Fira Sans', Ubuntu, Oxygen, 'Oxygen Sans', Cantarell, 'Droid Sans', 'Apple Color Emoji', 'Segoe UI Emoji', 'Segoe UI Emoji', 'Segoe UI Symbol', 'Lucida Grande', Helvetica, Arial, sans-serif; pointer-events: all; caret-color: rgba(0, 0, 0, 0.9);\">Et \u00e7a, en mati\u00e8re de marque employeur, \u00e7a vaut tous les bonus.<\/p><p style=\"box-sizing: inherit; margin-bottom: var(--spacing-four-x); padding: var(--artdeco-reset-base-padding-zero); border: var(--artdeco-reset-base-border-zero); vertical-align: var(--artdeco-reset-base-vertical-align-baseline); line-height: var(--line-height-open); color: rgba(0, 0, 0, 0.9); font-family: -apple-system, system-ui, BlinkMacSystemFont, 'Segoe UI', Roboto, 'Helvetica Neue', 'Fira Sans', Ubuntu, Oxygen, 'Oxygen Sans', Cantarell, 'Droid Sans', 'Apple Color Emoji', 'Segoe UI Emoji', 'Segoe UI Emoji', 'Segoe UI Symbol', 'Lucida Grande', Helvetica, Arial, sans-serif; pointer-events: all; caret-color: rgba(0, 0, 0, 0.9);\">\u00a0<\/p><p style=\"box-sizing: inherit; margin-bottom: var(--spacing-four-x); padding: var(--artdeco-reset-base-padding-zero); border: var(--artdeco-reset-base-border-zero); vertical-align: var(--artdeco-reset-base-vertical-align-baseline); line-height: var(--line-height-open); color: rgba(0, 0, 0, 0.9); font-family: -apple-system, system-ui, BlinkMacSystemFont, 'Segoe UI', Roboto, 'Helvetica Neue', 'Fira Sans', Ubuntu, Oxygen, 'Oxygen Sans', Cantarell, 'Droid Sans', 'Apple Color Emoji', 'Segoe UI Emoji', 'Segoe UI Emoji', 'Segoe UI Symbol', 'Lucida Grande', Helvetica, Arial, sans-serif; pointer-events: all; caret-color: rgba(0, 0, 0, 0.9);\">\ud83d\udcc5 On se retrouve dimanche prochain pour le <span style=\"box-sizing: inherit; margin: var(--artdeco-reset-base-margin-zero); padding: var(--artdeco-reset-base-padding-zero); border: var(--artdeco-reset-base-border-zero); font-size: var(--artdeco-reset-base-font-size-hundred-percent); vertical-align: var(--artdeco-reset-base-vertical-align-baseline); outline: var(--artdeco-reset-base-outline-zero); font-family: var(--artdeco-reset-typography-font-family-sans);\">num\u00e9ro 4<\/span> de RISKWATCH, o\u00f9 je vous parlerai d\u2019un sujet br\u00fblant : \ud83d\udc49 <span style=\"box-sizing: inherit; margin: var(--artdeco-reset-base-margin-zero); padding: var(--artdeco-reset-base-padding-zero); border: var(--artdeco-reset-base-border-zero); font-size: var(--artdeco-reset-base-font-size-hundred-percent); vertical-align: var(--artdeco-reset-base-vertical-align-baseline); outline: var(--artdeco-reset-base-outline-zero); font-family: var(--artdeco-reset-typography-font-family-sans);\">\u201cTravailleur d\u00e9sign\u00e9 : responsabilit\u00e9s, erreurs \u00e0 ne pas commettre, et fausses croyances\u201d<\/span><\/p>\t\t\t\t\t\t\t\t<\/div>\n\t\t\t\t<\/div>\n\t\t\t\t\t<\/div>\n\t\t\t\t<\/div>\n\t\t\t\t<\/div>","protected":false},"excerpt":{"rendered":"<p>L\u2019ergonomie est souvent per\u00e7ue comme un \u00ab plus \u00bb ou un sujet secondaire. Pourtant, lorsqu\u2019on prend le temps d\u2019observer les postes de travail, les postures adopt\u00e9es, les gestes r\u00e9p\u00e9titifs et les environnements mal adapt\u00e9s, on comprend tr\u00e8s vite que l\u2019ergonomie est un pilier fondamental \u2013 \u00e0 la fois pour la performance et la sant\u00e9 des [&hellip;]<\/p>","protected":false},"author":1,"featured_media":2530,"comment_status":"closed","ping_status":"open","sticky":false,"template":"","format":"standard","meta":{"_jetpack_memberships_contains_paid_content":false,"footnotes":""},"categories":[1],"tags":[],"class_list":["post-2529","post","type-post","status-publish","format-standard","has-post-thumbnail","hentry","category-blog"],"yoast_head":"<!-- This site is optimized with the Yoast SEO plugin v25.4 - https:\/\/yoast.com\/wordpress\/plugins\/seo\/ -->\n<title>RISKWATCH #3 \u2013 Ergonomie au poste de travail : un levier sous-estim\u00e9 de performance et de pr\u00e9vention - OFSIP<\/title>\n<meta name=\"robots\" content=\"index, follow, max-snippet:-1, max-image-preview:large, max-video-preview:-1\" \/>\n<link rel=\"canonical\" href=\"https:\/\/ofsip.lu\/en\/riskwatch-3-ergonomie-au-poste-de-travail-un-levier-sous-estime-de-performance-et-de-prevention\/\" \/>\n<meta property=\"og:locale\" content=\"en_GB\" \/>\n<meta property=\"og:type\" content=\"article\" \/>\n<meta property=\"og:title\" content=\"RISKWATCH #3 \u2013 Ergonomie au poste de travail : un levier sous-estim\u00e9 de performance et de pr\u00e9vention - OFSIP\" \/>\n<meta property=\"og:description\" content=\"L\u2019ergonomie est souvent per\u00e7ue comme un \u00ab plus \u00bb ou un sujet secondaire. Pourtant, lorsqu\u2019on prend le temps d\u2019observer les postes de travail, les postures adopt\u00e9es, les gestes r\u00e9p\u00e9titifs et les environnements mal adapt\u00e9s, on comprend tr\u00e8s vite que l\u2019ergonomie est un pilier fondamental \u2013 \u00e0 la fois pour la performance et la sant\u00e9 des [&hellip;]\" \/>\n<meta property=\"og:url\" content=\"https:\/\/ofsip.lu\/en\/riskwatch-3-ergonomie-au-poste-de-travail-un-levier-sous-estime-de-performance-et-de-prevention\/\" \/>\n<meta property=\"og:site_name\" content=\"OFSIP\" \/>\n<meta property=\"article:published_time\" content=\"2025-07-23T11:41:58+00:00\" \/>\n<meta property=\"article:modified_time\" content=\"2025-07-23T11:43:15+00:00\" \/>\n<meta property=\"og:image\" content=\"https:\/\/ofsip.lu\/wp-content\/uploads\/2025\/07\/3-3.png\" \/>\n\t<meta property=\"og:image:width\" content=\"1280\" \/>\n\t<meta property=\"og:image:height\" content=\"720\" \/>\n\t<meta property=\"og:image:type\" content=\"image\/png\" \/>\n<meta name=\"author\" content=\"S\u00e9bastien\" \/>\n<meta name=\"twitter:card\" content=\"summary_large_image\" \/>\n<meta name=\"twitter:label1\" content=\"Written by\" \/>\n\t<meta name=\"twitter:data1\" content=\"S\u00e9bastien\" \/>\n\t<meta name=\"twitter:label2\" content=\"Estimated reading time\" \/>\n\t<meta name=\"twitter:data2\" content=\"4 minutes\" \/>\n<script type=\"application\/ld+json\" class=\"yoast-schema-graph\">{\"@context\":\"https:\/\/schema.org\",\"@graph\":[{\"@type\":\"Article\",\"@id\":\"https:\/\/ofsip.lu\/riskwatch-3-ergonomie-au-poste-de-travail-un-levier-sous-estime-de-performance-et-de-prevention\/#article\",\"isPartOf\":{\"@id\":\"https:\/\/ofsip.lu\/riskwatch-3-ergonomie-au-poste-de-travail-un-levier-sous-estime-de-performance-et-de-prevention\/\"},\"author\":{\"name\":\"S\u00e9bastien\",\"@id\":\"https:\/\/ofsip.lu\/#\/schema\/person\/f67b0e39696714296557c2ceff8435d8\"},\"headline\":\"RISKWATCH #3 \u2013 Ergonomie au poste de travail : un levier sous-estim\u00e9 de performance et de pr\u00e9vention\",\"datePublished\":\"2025-07-23T11:41:58+00:00\",\"dateModified\":\"2025-07-23T11:43:15+00:00\",\"mainEntityOfPage\":{\"@id\":\"https:\/\/ofsip.lu\/riskwatch-3-ergonomie-au-poste-de-travail-un-levier-sous-estime-de-performance-et-de-prevention\/\"},\"wordCount\":915,\"publisher\":{\"@id\":\"https:\/\/ofsip.lu\/#organization\"},\"image\":{\"@id\":\"https:\/\/ofsip.lu\/riskwatch-3-ergonomie-au-poste-de-travail-un-levier-sous-estime-de-performance-et-de-prevention\/#primaryimage\"},\"thumbnailUrl\":\"https:\/\/ofsip.lu\/wp-content\/uploads\/2025\/07\/3-3.png\",\"articleSection\":[\"Blog\"],\"inLanguage\":\"en-GB\"},{\"@type\":\"WebPage\",\"@id\":\"https:\/\/ofsip.lu\/riskwatch-3-ergonomie-au-poste-de-travail-un-levier-sous-estime-de-performance-et-de-prevention\/\",\"url\":\"https:\/\/ofsip.lu\/riskwatch-3-ergonomie-au-poste-de-travail-un-levier-sous-estime-de-performance-et-de-prevention\/\",\"name\":\"RISKWATCH #3 \u2013 Ergonomie au poste de travail : un levier sous-estim\u00e9 de performance et de pr\u00e9vention - OFSIP\",\"isPartOf\":{\"@id\":\"https:\/\/ofsip.lu\/#website\"},\"primaryImageOfPage\":{\"@id\":\"https:\/\/ofsip.lu\/riskwatch-3-ergonomie-au-poste-de-travail-un-levier-sous-estime-de-performance-et-de-prevention\/#primaryimage\"},\"image\":{\"@id\":\"https:\/\/ofsip.lu\/riskwatch-3-ergonomie-au-poste-de-travail-un-levier-sous-estime-de-performance-et-de-prevention\/#primaryimage\"},\"thumbnailUrl\":\"https:\/\/ofsip.lu\/wp-content\/uploads\/2025\/07\/3-3.png\",\"datePublished\":\"2025-07-23T11:41:58+00:00\",\"dateModified\":\"2025-07-23T11:43:15+00:00\",\"breadcrumb\":{\"@id\":\"https:\/\/ofsip.lu\/riskwatch-3-ergonomie-au-poste-de-travail-un-levier-sous-estime-de-performance-et-de-prevention\/#breadcrumb\"},\"inLanguage\":\"en-GB\",\"potentialAction\":[{\"@type\":\"ReadAction\",\"target\":[\"https:\/\/ofsip.lu\/riskwatch-3-ergonomie-au-poste-de-travail-un-levier-sous-estime-de-performance-et-de-prevention\/\"]}]},{\"@type\":\"ImageObject\",\"inLanguage\":\"en-GB\",\"@id\":\"https:\/\/ofsip.lu\/riskwatch-3-ergonomie-au-poste-de-travail-un-levier-sous-estime-de-performance-et-de-prevention\/#primaryimage\",\"url\":\"https:\/\/ofsip.lu\/wp-content\/uploads\/2025\/07\/3-3.png\",\"contentUrl\":\"https:\/\/ofsip.lu\/wp-content\/uploads\/2025\/07\/3-3.png\",\"width\":1280,\"height\":720},{\"@type\":\"BreadcrumbList\",\"@id\":\"https:\/\/ofsip.lu\/riskwatch-3-ergonomie-au-poste-de-travail-un-levier-sous-estime-de-performance-et-de-prevention\/#breadcrumb\",\"itemListElement\":[{\"@type\":\"ListItem\",\"position\":1,\"name\":\"Home\",\"item\":\"https:\/\/ofsip.lu\/\"},{\"@type\":\"ListItem\",\"position\":2,\"name\":\"RISKWATCH #3 \u2013 Ergonomie au poste de travail : un levier sous-estim\u00e9 de performance et de pr\u00e9vention\"}]},{\"@type\":\"WebSite\",\"@id\":\"https:\/\/ofsip.lu\/#website\",\"url\":\"https:\/\/ofsip.lu\/\",\"name\":\"OFSIP\",\"description\":\"S\u00e9curiser l&#039;humain, renforcer l&#039;entreprise\",\"publisher\":{\"@id\":\"https:\/\/ofsip.lu\/#organization\"},\"potentialAction\":[{\"@type\":\"SearchAction\",\"target\":{\"@type\":\"EntryPoint\",\"urlTemplate\":\"https:\/\/ofsip.lu\/?s={search_term_string}\"},\"query-input\":{\"@type\":\"PropertyValueSpecification\",\"valueRequired\":true,\"valueName\":\"search_term_string\"}}],\"inLanguage\":\"en-GB\"},{\"@type\":\"Organization\",\"@id\":\"https:\/\/ofsip.lu\/#organization\",\"name\":\"OFSIP\",\"url\":\"https:\/\/ofsip.lu\/\",\"logo\":{\"@type\":\"ImageObject\",\"inLanguage\":\"en-GB\",\"@id\":\"https:\/\/ofsip.lu\/#\/schema\/logo\/image\/\",\"url\":\"https:\/\/ofsip.lu\/wp-content\/uploads\/2025\/07\/Logo-OFSIP-Color-sans-detail.png\",\"contentUrl\":\"https:\/\/ofsip.lu\/wp-content\/uploads\/2025\/07\/Logo-OFSIP-Color-sans-detail.png\",\"width\":486,\"height\":460,\"caption\":\"OFSIP\"},\"image\":{\"@id\":\"https:\/\/ofsip.lu\/#\/schema\/logo\/image\/\"}},{\"@type\":\"Person\",\"@id\":\"https:\/\/ofsip.lu\/#\/schema\/person\/f67b0e39696714296557c2ceff8435d8\",\"name\":\"S\u00e9bastien\",\"sameAs\":[\"https:\/\/ofsip.lu\",\"https:\/\/www.linkedin.com\/com\/entreprise\/ofsipsarl\/\"],\"url\":\"https:\/\/ofsip.lu\/en\/author\/sebastian\/\"}]}<\/script>\n<!-- \/ Yoast SEO plugin. -->","yoast_head_json":{"title":"RISKWATCH #3 \u2013 Ergonomie au poste de travail : un levier sous-estim\u00e9 de performance et de pr\u00e9vention - OFSIP","robots":{"index":"index","follow":"follow","max-snippet":"max-snippet:-1","max-image-preview":"max-image-preview:large","max-video-preview":"max-video-preview:-1"},"canonical":"https:\/\/ofsip.lu\/en\/riskwatch-3-ergonomie-au-poste-de-travail-un-levier-sous-estime-de-performance-et-de-prevention\/","og_locale":"en_GB","og_type":"article","og_title":"RISKWATCH #3 \u2013 Ergonomie au poste de travail : un levier sous-estim\u00e9 de performance et de pr\u00e9vention - OFSIP","og_description":"L\u2019ergonomie est souvent per\u00e7ue comme un \u00ab plus \u00bb ou un sujet secondaire. Pourtant, lorsqu\u2019on prend le temps d\u2019observer les postes de travail, les postures adopt\u00e9es, les gestes r\u00e9p\u00e9titifs et les environnements mal adapt\u00e9s, on comprend tr\u00e8s vite que l\u2019ergonomie est un pilier fondamental \u2013 \u00e0 la fois pour la performance et la sant\u00e9 des [&hellip;]","og_url":"https:\/\/ofsip.lu\/en\/riskwatch-3-ergonomie-au-poste-de-travail-un-levier-sous-estime-de-performance-et-de-prevention\/","og_site_name":"OFSIP","article_published_time":"2025-07-23T11:41:58+00:00","article_modified_time":"2025-07-23T11:43:15+00:00","og_image":[{"width":1280,"height":720,"url":"https:\/\/ofsip.lu\/wp-content\/uploads\/2025\/07\/3-3.png","type":"image\/png"}],"author":"S\u00e9bastien","twitter_card":"summary_large_image","twitter_misc":{"Written by":"S\u00e9bastien","Estimated reading time":"4 minutes"},"schema":{"@context":"https:\/\/schema.org","@graph":[{"@type":"Article","@id":"https:\/\/ofsip.lu\/riskwatch-3-ergonomie-au-poste-de-travail-un-levier-sous-estime-de-performance-et-de-prevention\/#article","isPartOf":{"@id":"https:\/\/ofsip.lu\/riskwatch-3-ergonomie-au-poste-de-travail-un-levier-sous-estime-de-performance-et-de-prevention\/"},"author":{"name":"S\u00e9bastien","@id":"https:\/\/ofsip.lu\/#\/schema\/person\/f67b0e39696714296557c2ceff8435d8"},"headline":"RISKWATCH #3 \u2013 Ergonomie au poste de travail : un levier sous-estim\u00e9 de performance et de pr\u00e9vention","datePublished":"2025-07-23T11:41:58+00:00","dateModified":"2025-07-23T11:43:15+00:00","mainEntityOfPage":{"@id":"https:\/\/ofsip.lu\/riskwatch-3-ergonomie-au-poste-de-travail-un-levier-sous-estime-de-performance-et-de-prevention\/"},"wordCount":915,"publisher":{"@id":"https:\/\/ofsip.lu\/#organization"},"image":{"@id":"https:\/\/ofsip.lu\/riskwatch-3-ergonomie-au-poste-de-travail-un-levier-sous-estime-de-performance-et-de-prevention\/#primaryimage"},"thumbnailUrl":"https:\/\/ofsip.lu\/wp-content\/uploads\/2025\/07\/3-3.png","articleSection":["Blog"],"inLanguage":"en-GB"},{"@type":"WebPage","@id":"https:\/\/ofsip.lu\/riskwatch-3-ergonomie-au-poste-de-travail-un-levier-sous-estime-de-performance-et-de-prevention\/","url":"https:\/\/ofsip.lu\/riskwatch-3-ergonomie-au-poste-de-travail-un-levier-sous-estime-de-performance-et-de-prevention\/","name":"RISKWATCH #3 \u2013 Ergonomie au poste de travail : un levier sous-estim\u00e9 de performance et de pr\u00e9vention - OFSIP","isPartOf":{"@id":"https:\/\/ofsip.lu\/#website"},"primaryImageOfPage":{"@id":"https:\/\/ofsip.lu\/riskwatch-3-ergonomie-au-poste-de-travail-un-levier-sous-estime-de-performance-et-de-prevention\/#primaryimage"},"image":{"@id":"https:\/\/ofsip.lu\/riskwatch-3-ergonomie-au-poste-de-travail-un-levier-sous-estime-de-performance-et-de-prevention\/#primaryimage"},"thumbnailUrl":"https:\/\/ofsip.lu\/wp-content\/uploads\/2025\/07\/3-3.png","datePublished":"2025-07-23T11:41:58+00:00","dateModified":"2025-07-23T11:43:15+00:00","breadcrumb":{"@id":"https:\/\/ofsip.lu\/riskwatch-3-ergonomie-au-poste-de-travail-un-levier-sous-estime-de-performance-et-de-prevention\/#breadcrumb"},"inLanguage":"en-GB","potentialAction":[{"@type":"ReadAction","target":["https:\/\/ofsip.lu\/riskwatch-3-ergonomie-au-poste-de-travail-un-levier-sous-estime-de-performance-et-de-prevention\/"]}]},{"@type":"ImageObject","inLanguage":"en-GB","@id":"https:\/\/ofsip.lu\/riskwatch-3-ergonomie-au-poste-de-travail-un-levier-sous-estime-de-performance-et-de-prevention\/#primaryimage","url":"https:\/\/ofsip.lu\/wp-content\/uploads\/2025\/07\/3-3.png","contentUrl":"https:\/\/ofsip.lu\/wp-content\/uploads\/2025\/07\/3-3.png","width":1280,"height":720},{"@type":"BreadcrumbList","@id":"https:\/\/ofsip.lu\/riskwatch-3-ergonomie-au-poste-de-travail-un-levier-sous-estime-de-performance-et-de-prevention\/#breadcrumb","itemListElement":[{"@type":"ListItem","position":1,"name":"Home","item":"https:\/\/ofsip.lu\/"},{"@type":"ListItem","position":2,"name":"RISKWATCH #3 \u2013 Ergonomie au poste de travail : un levier sous-estim\u00e9 de performance et de pr\u00e9vention"}]},{"@type":"WebSite","@id":"https:\/\/ofsip.lu\/#website","url":"https:\/\/ofsip.lu\/","name":"OFSIP","description":"S\u00e9curiser l&#039;humain, renforcer l&#039;entreprise","publisher":{"@id":"https:\/\/ofsip.lu\/#organization"},"potentialAction":[{"@type":"SearchAction","target":{"@type":"EntryPoint","urlTemplate":"https:\/\/ofsip.lu\/?s={search_term_string}"},"query-input":{"@type":"PropertyValueSpecification","valueRequired":true,"valueName":"search_term_string"}}],"inLanguage":"en-GB"},{"@type":"Organization","@id":"https:\/\/ofsip.lu\/#organization","name":"OFSIP","url":"https:\/\/ofsip.lu\/","logo":{"@type":"ImageObject","inLanguage":"en-GB","@id":"https:\/\/ofsip.lu\/#\/schema\/logo\/image\/","url":"https:\/\/ofsip.lu\/wp-content\/uploads\/2025\/07\/Logo-OFSIP-Color-sans-detail.png","contentUrl":"https:\/\/ofsip.lu\/wp-content\/uploads\/2025\/07\/Logo-OFSIP-Color-sans-detail.png","width":486,"height":460,"caption":"OFSIP"},"image":{"@id":"https:\/\/ofsip.lu\/#\/schema\/logo\/image\/"}},{"@type":"Person","@id":"https:\/\/ofsip.lu\/#\/schema\/person\/f67b0e39696714296557c2ceff8435d8","name":"S\u00e9bastien","sameAs":["https:\/\/ofsip.lu","https:\/\/www.linkedin.com\/com\/entreprise\/ofsipsarl\/"],"url":"https:\/\/ofsip.lu\/en\/author\/sebastian\/"}]}},"jetpack_featured_media_url":"https:\/\/ofsip.lu\/wp-content\/uploads\/2025\/07\/3-3.png","jetpack_sharing_enabled":true,"_links":{"self":[{"href":"https:\/\/ofsip.lu\/en\/wp-json\/wp\/v2\/posts\/2529","targetHints":{"allow":["GET"]}}],"collection":[{"href":"https:\/\/ofsip.lu\/en\/wp-json\/wp\/v2\/posts"}],"about":[{"href":"https:\/\/ofsip.lu\/en\/wp-json\/wp\/v2\/types\/post"}],"author":[{"embeddable":true,"href":"https:\/\/ofsip.lu\/en\/wp-json\/wp\/v2\/users\/1"}],"replies":[{"embeddable":true,"href":"https:\/\/ofsip.lu\/en\/wp-json\/wp\/v2\/comments?post=2529"}],"version-history":[{"count":4,"href":"https:\/\/ofsip.lu\/en\/wp-json\/wp\/v2\/posts\/2529\/revisions"}],"predecessor-version":[{"id":2534,"href":"https:\/\/ofsip.lu\/en\/wp-json\/wp\/v2\/posts\/2529\/revisions\/2534"}],"wp:featuredmedia":[{"embeddable":true,"href":"https:\/\/ofsip.lu\/en\/wp-json\/wp\/v2\/media\/2530"}],"wp:attachment":[{"href":"https:\/\/ofsip.lu\/en\/wp-json\/wp\/v2\/media?parent=2529"}],"wp:term":[{"taxonomy":"category","embeddable":true,"href":"https:\/\/ofsip.lu\/en\/wp-json\/wp\/v2\/categories?post=2529"},{"taxonomy":"post_tag","embeddable":true,"href":"https:\/\/ofsip.lu\/en\/wp-json\/wp\/v2\/tags?post=2529"}],"curies":[{"name":"wp","href":"https:\/\/api.w.org\/{rel}","templated":true}]}}