{"id":2553,"date":"2025-07-23T11:50:40","date_gmt":"2025-07-23T11:50:40","guid":{"rendered":"https:\/\/ofsip.lu\/?p=2553"},"modified":"2025-07-23T11:52:00","modified_gmt":"2025-07-23T11:52:00","slug":"riskwatch-8-bulling-burn-out-bore-out-comprendre-vraiment-les-risques-psychosociaux-pour-mieux-les-prevenir","status":"publish","type":"post","link":"https:\/\/ofsip.lu\/en\/riskwatch-8-bulling-burn-out-bore-out-comprendre-vraiment-les-risques-psychosociaux-pour-mieux-les-prevenir\/","title":{"rendered":"RISKWATCH #8 Bulling, burn-out, bore-out : comprendre (vraiment) les risques psychosociaux pour mieux les pr\u00e9venir"},"content":{"rendered":"<div data-elementor-type=\"wp-post\" data-elementor-id=\"2553\" class=\"elementor elementor-2553\" data-elementor-post-type=\"post\">\n\t\t\t\t<div class=\"elementor-element elementor-element-91a4672 e-flex e-con-boxed e-con e-parent\" data-id=\"91a4672\" data-element_type=\"container\">\n\t\t\t\t\t<div class=\"e-con-inner\">\n\t\t\t\t<div class=\"elementor-element elementor-element-f77a543 elementor-widget elementor-widget-image\" data-id=\"f77a543\" data-element_type=\"widget\" data-widget_type=\"image.default\">\n\t\t\t\t<div class=\"elementor-widget-container\">\n\t\t\t\t\t\t\t\t\t\t\t\t\t\t\t<img fetchpriority=\"high\" decoding=\"async\" width=\"800\" height=\"450\" src=\"https:\/\/ofsip.lu\/wp-content\/uploads\/2025\/07\/8-1-1024x576.png\" class=\"attachment-large size-large wp-image-2554\" alt=\"\" srcset=\"https:\/\/ofsip.lu\/wp-content\/uploads\/2025\/07\/8-1-1024x576.png 1024w, https:\/\/ofsip.lu\/wp-content\/uploads\/2025\/07\/8-1-300x169.png 300w, https:\/\/ofsip.lu\/wp-content\/uploads\/2025\/07\/8-1-768x432.png 768w, https:\/\/ofsip.lu\/wp-content\/uploads\/2025\/07\/8-1-18x10.png 18w, https:\/\/ofsip.lu\/wp-content\/uploads\/2025\/07\/8-1.png 1280w\" sizes=\"(max-width: 800px) 100vw, 800px\" \/>\t\t\t\t\t\t\t\t\t\t\t\t\t\t\t<\/div>\n\t\t\t\t<\/div>\n\t\t\t\t\t<\/div>\n\t\t\t\t<\/div>\n\t\t<div class=\"elementor-element elementor-element-fd6291c e-flex e-con-boxed e-con e-parent\" data-id=\"fd6291c\" data-element_type=\"container\">\n\t\t\t\t\t<div class=\"e-con-inner\">\n\t\t\t\t<div class=\"elementor-element elementor-element-4e9ee3a elementor-widget elementor-widget-text-editor\" data-id=\"4e9ee3a\" data-element_type=\"widget\" data-widget_type=\"text-editor.default\">\n\t\t\t\t<div class=\"elementor-widget-container\">\n\t\t\t\t\t\t\t\t\t<p style=\"box-sizing: inherit; margin-bottom: var(--spacing-four-x); padding: var(--artdeco-reset-base-padding-zero); border: var(--artdeco-reset-base-border-zero); vertical-align: var(--artdeco-reset-base-vertical-align-baseline); line-height: var(--line-height-open); color: rgba(0, 0, 0, 0.9); font-family: -apple-system, system-ui, BlinkMacSystemFont, 'Segoe UI', Roboto, 'Helvetica Neue', 'Fira Sans', Ubuntu, Oxygen, 'Oxygen Sans', Cantarell, 'Droid Sans', 'Apple Color Emoji', 'Segoe UI Emoji', 'Segoe UI Emoji', 'Segoe UI Symbol', 'Lucida Grande', Helvetica, Arial, sans-serif; pointer-events: all; caret-color: rgba(0, 0, 0, 0.9);\">Depuis quelques ann\u00e9es, on parle de plus en plus des risques psychosociaux (RPS). Mais dans les faits, ils restent encore tr\u00e8s mal compris, souvent minimis\u00e9s, et parfois compl\u00e8tement ignor\u00e9s. Pourtant, ils ont des cons\u00e9quences tr\u00e8s concr\u00e8tes : ils ab\u00eement la sant\u00e9 mentale et physique, ils d\u00e9sorganisent les \u00e9quipes, et ils fragilisent s\u00e9rieusement la performance globale d\u2019une entreprise.<\/p><p style=\"box-sizing: inherit; margin-bottom: var(--spacing-four-x); padding: var(--artdeco-reset-base-padding-zero); border: var(--artdeco-reset-base-border-zero); vertical-align: var(--artdeco-reset-base-vertical-align-baseline); line-height: var(--line-height-open); color: rgba(0, 0, 0, 0.9); font-family: -apple-system, system-ui, BlinkMacSystemFont, 'Segoe UI', Roboto, 'Helvetica Neue', 'Fira Sans', Ubuntu, Oxygen, 'Oxygen Sans', Cantarell, 'Droid Sans', 'Apple Color Emoji', 'Segoe UI Emoji', 'Segoe UI Emoji', 'Segoe UI Symbol', 'Lucida Grande', Helvetica, Arial, sans-serif; pointer-events: all; caret-color: rgba(0, 0, 0, 0.9);\">Alors aujourd\u2019hui, on a d\u00e9cid\u00e9 d\u2019aller plus loin que les slogans. On parle ici de <span style=\"box-sizing: inherit; margin: var(--artdeco-reset-base-margin-zero); padding: var(--artdeco-reset-base-padding-zero); border: var(--artdeco-reset-base-border-zero); font-size: var(--artdeco-reset-base-font-size-hundred-percent); vertical-align: var(--artdeco-reset-base-vertical-align-baseline); outline: var(--artdeco-reset-base-outline-zero); font-family: var(--artdeco-reset-typography-font-family-sans);\">bulling<\/span> (harc\u00e8lement moral), de <span style=\"box-sizing: inherit; margin: var(--artdeco-reset-base-margin-zero); padding: var(--artdeco-reset-base-padding-zero); border: var(--artdeco-reset-base-border-zero); font-size: var(--artdeco-reset-base-font-size-hundred-percent); vertical-align: var(--artdeco-reset-base-vertical-align-baseline); outline: var(--artdeco-reset-base-outline-zero); font-family: var(--artdeco-reset-typography-font-family-sans);\">burn-out<\/span> (\u00e9puisement professionnel), et de <span style=\"box-sizing: inherit; margin: var(--artdeco-reset-base-margin-zero); padding: var(--artdeco-reset-base-padding-zero); border: var(--artdeco-reset-base-border-zero); font-size: var(--artdeco-reset-base-font-size-hundred-percent); vertical-align: var(--artdeco-reset-base-vertical-align-baseline); outline: var(--artdeco-reset-base-outline-zero); font-family: var(--artdeco-reset-typography-font-family-sans);\">bore-out<\/span> (ennui pathologique). Trois r\u00e9alit\u00e9s diff\u00e9rentes, mais qui traduisent toutes un mal-\u00eatre profond au travail. Et surtout, trois sujets qu\u2019on ne peut plus se permettre de mettre de c\u00f4t\u00e9.<\/p><hr style=\"box-sizing: inherit; border-right-width: 0px; border-bottom-width: 0px; border-left-width: 0px; border-right-style: none; border-bottom-style: none; border-left-style: none; height: 1px; margin-bottom: var(--spacing-four-x); padding: 0px; border-right-color: rgba(0, 0, 0, 0.15); border-bottom-color: rgba(0, 0, 0, 0.15); border-left-color: rgba(0, 0, 0, 0.15); border-top: solid 1px var(--color-border-faint); font-family: -apple-system, system-ui, BlinkMacSystemFont, 'Segoe UI', Roboto, 'Helvetica Neue', 'Fira Sans', Ubuntu, Oxygen, 'Oxygen Sans', Cantarell, 'Droid Sans', 'Apple Color Emoji', 'Segoe UI Emoji', 'Segoe UI Emoji', 'Segoe UI Symbol', 'Lucida Grande', Helvetica, Arial, sans-serif; width: 584px;\" \/><h3 style=\"box-sizing: inherit; margin-bottom: var(--spacing-two-x); padding: var(--artdeco-reset-base-padding-zero); border: var(--artdeco-reset-base-border-zero); font-size: var(--font-size-xlarge); vertical-align: var(--artdeco-reset-base-vertical-align-baseline); outline: var(--artdeco-reset-base-outline-zero); color: rgba(0, 0, 0, 0.9); line-height: var(--line-height-default); font-family: -apple-system, system-ui, BlinkMacSystemFont, 'Segoe UI', Roboto, 'Helvetica Neue', 'Fira Sans', Ubuntu, Oxygen, 'Oxygen Sans', Cantarell, 'Droid Sans', 'Apple Color Emoji', 'Segoe UI Emoji', 'Segoe UI Emoji', 'Segoe UI Symbol', 'Lucida Grande', Helvetica, Arial, sans-serif; caret-color: rgba(0, 0, 0, 0.9);\">Les RPS, c\u2019est quoi exactement ?<\/h3><p style=\"box-sizing: inherit; margin-bottom: var(--spacing-four-x); padding: var(--artdeco-reset-base-padding-zero); border: var(--artdeco-reset-base-border-zero); vertical-align: var(--artdeco-reset-base-vertical-align-baseline); line-height: var(--line-height-open); color: rgba(0, 0, 0, 0.9); font-family: -apple-system, system-ui, BlinkMacSystemFont, 'Segoe UI', Roboto, 'Helvetica Neue', 'Fira Sans', Ubuntu, Oxygen, 'Oxygen Sans', Cantarell, 'Droid Sans', 'Apple Color Emoji', 'Segoe UI Emoji', 'Segoe UI Emoji', 'Segoe UI Symbol', 'Lucida Grande', Helvetica, Arial, sans-serif; pointer-events: all; caret-color: rgba(0, 0, 0, 0.9);\">Derri\u00e8re ce mot un peu \u00ab\u00a0fourre-tout\u00a0\u00bb, on trouve des situations de travail o\u00f9 la pression, les tensions ou le manque de reconnaissance deviennent pathog\u00e8nes. Il peut s\u2019agir d\u2019un stress qui dure, de conflits non r\u00e9solus, d\u2019une perte de sens, ou d\u2019un isolement progressif. Ce n\u2019est pas juste une mauvaise passe : ce sont des signaux d\u2019alerte \u00e0 prendre au s\u00e9rieux.<\/p><p style=\"box-sizing: inherit; margin-bottom: var(--spacing-four-x); padding: var(--artdeco-reset-base-padding-zero); border: var(--artdeco-reset-base-border-zero); vertical-align: var(--artdeco-reset-base-vertical-align-baseline); line-height: var(--line-height-open); color: rgba(0, 0, 0, 0.9); font-family: -apple-system, system-ui, BlinkMacSystemFont, 'Segoe UI', Roboto, 'Helvetica Neue', 'Fira Sans', Ubuntu, Oxygen, 'Oxygen Sans', Cantarell, 'Droid Sans', 'Apple Color Emoji', 'Segoe UI Emoji', 'Segoe UI Emoji', 'Segoe UI Symbol', 'Lucida Grande', Helvetica, Arial, sans-serif; pointer-events: all; caret-color: rgba(0, 0, 0, 0.9);\">En 2023, selon Eurofound, <span style=\"box-sizing: inherit; margin: var(--artdeco-reset-base-margin-zero); padding: var(--artdeco-reset-base-padding-zero); border: var(--artdeco-reset-base-border-zero); font-size: var(--artdeco-reset-base-font-size-hundred-percent); vertical-align: var(--artdeco-reset-base-vertical-align-baseline); outline: var(--artdeco-reset-base-outline-zero); font-family: var(--artdeco-reset-typography-font-family-sans);\">6 salari\u00e9s europ\u00e9ens sur 10<\/span> disent avoir connu un stress important li\u00e9 au travail. Et ici, au Luxembourg, la CNS et le STATEC indiquent que les troubles anxieux et d\u00e9pressifs li\u00e9s au travail sont d\u00e9sormais l\u2019une des <span style=\"box-sizing: inherit; margin: var(--artdeco-reset-base-margin-zero); padding: var(--artdeco-reset-base-padding-zero); border: var(--artdeco-reset-base-border-zero); font-size: var(--artdeco-reset-base-font-size-hundred-percent); vertical-align: var(--artdeco-reset-base-vertical-align-baseline); outline: var(--artdeco-reset-base-outline-zero); font-family: var(--artdeco-reset-typography-font-family-sans);\">premi\u00e8res causes de consultation<\/span>. Bref : on est face \u00e0 un <span style=\"box-sizing: inherit; margin: var(--artdeco-reset-base-margin-zero); padding: var(--artdeco-reset-base-padding-zero); border: var(--artdeco-reset-base-border-zero); font-size: var(--artdeco-reset-base-font-size-hundred-percent); vertical-align: var(--artdeco-reset-base-vertical-align-baseline); outline: var(--artdeco-reset-base-outline-zero); font-family: var(--artdeco-reset-typography-font-family-sans);\">v\u00e9ritable enjeu de sant\u00e9 publique<\/span>.<\/p><hr style=\"box-sizing: inherit; border-right-width: 0px; border-bottom-width: 0px; border-left-width: 0px; border-right-style: none; border-bottom-style: none; border-left-style: none; height: 1px; margin-bottom: var(--spacing-four-x); padding: 0px; border-right-color: rgba(0, 0, 0, 0.15); border-bottom-color: rgba(0, 0, 0, 0.15); border-left-color: rgba(0, 0, 0, 0.15); border-top: solid 1px var(--color-border-faint); font-family: -apple-system, system-ui, BlinkMacSystemFont, 'Segoe UI', Roboto, 'Helvetica Neue', 'Fira Sans', Ubuntu, Oxygen, 'Oxygen Sans', Cantarell, 'Droid Sans', 'Apple Color Emoji', 'Segoe UI Emoji', 'Segoe UI Emoji', 'Segoe UI Symbol', 'Lucida Grande', Helvetica, Arial, sans-serif; width: 584px;\" \/><h3 style=\"box-sizing: inherit; margin-bottom: var(--spacing-two-x); padding: var(--artdeco-reset-base-padding-zero); border: var(--artdeco-reset-base-border-zero); font-size: var(--font-size-xlarge); vertical-align: var(--artdeco-reset-base-vertical-align-baseline); outline: var(--artdeco-reset-base-outline-zero); color: rgba(0, 0, 0, 0.9); line-height: var(--line-height-default); font-family: -apple-system, system-ui, BlinkMacSystemFont, 'Segoe UI', Roboto, 'Helvetica Neue', 'Fira Sans', Ubuntu, Oxygen, 'Oxygen Sans', Cantarell, 'Droid Sans', 'Apple Color Emoji', 'Segoe UI Emoji', 'Segoe UI Emoji', 'Segoe UI Symbol', 'Lucida Grande', Helvetica, Arial, sans-serif; caret-color: rgba(0, 0, 0, 0.9);\">Bulling : quand la violence est silencieuse\u2026 mais ravageuse<\/h3><p style=\"box-sizing: inherit; margin-bottom: var(--spacing-four-x); padding: var(--artdeco-reset-base-padding-zero); border: var(--artdeco-reset-base-border-zero); vertical-align: var(--artdeco-reset-base-vertical-align-baseline); line-height: var(--line-height-open); color: rgba(0, 0, 0, 0.9); font-family: -apple-system, system-ui, BlinkMacSystemFont, 'Segoe UI', Roboto, 'Helvetica Neue', 'Fira Sans', Ubuntu, Oxygen, 'Oxygen Sans', Cantarell, 'Droid Sans', 'Apple Color Emoji', 'Segoe UI Emoji', 'Segoe UI Emoji', 'Segoe UI Symbol', 'Lucida Grande', Helvetica, Arial, sans-serif; pointer-events: all; caret-color: rgba(0, 0, 0, 0.9);\">Le harc\u00e8lement moral, ce n\u2019est pas un d\u00e9saccord avec un coll\u00e8gue. C\u2019est un <span style=\"box-sizing: inherit; margin: var(--artdeco-reset-base-margin-zero); padding: var(--artdeco-reset-base-padding-zero); border: var(--artdeco-reset-base-border-zero); font-size: var(--artdeco-reset-base-font-size-hundred-percent); vertical-align: var(--artdeco-reset-base-vertical-align-baseline); outline: var(--artdeco-reset-base-outline-zero); font-family: var(--artdeco-reset-typography-font-family-sans);\">m\u00e9canisme destructeur<\/span>. Cela peut aller de la moquerie r\u00e9p\u00e9t\u00e9e \u00e0 la mise \u00e0 l\u2019\u00e9cart, en passant par les reproches injustifi\u00e9s, la surcharge cibl\u00e9e ou l\u2019oubli volontaire des r\u00e9unions. Bref, c\u2019est quand le travail devient une <span style=\"box-sizing: inherit; margin: var(--artdeco-reset-base-margin-zero); padding: var(--artdeco-reset-base-padding-zero); border: var(--artdeco-reset-base-border-zero); font-size: var(--artdeco-reset-base-font-size-hundred-percent); vertical-align: var(--artdeco-reset-base-vertical-align-baseline); outline: var(--artdeco-reset-base-outline-zero); font-family: var(--artdeco-reset-typography-font-family-sans);\">humiliation quotidienne<\/span>.<\/p><p style=\"box-sizing: inherit; margin-bottom: var(--spacing-four-x); padding: var(--artdeco-reset-base-padding-zero); border: var(--artdeco-reset-base-border-zero); vertical-align: var(--artdeco-reset-base-vertical-align-baseline); line-height: var(--line-height-open); color: rgba(0, 0, 0, 0.9); font-family: -apple-system, system-ui, BlinkMacSystemFont, 'Segoe UI', Roboto, 'Helvetica Neue', 'Fira Sans', Ubuntu, Oxygen, 'Oxygen Sans', Cantarell, 'Droid Sans', 'Apple Color Emoji', 'Segoe UI Emoji', 'Segoe UI Emoji', 'Segoe UI Symbol', 'Lucida Grande', Helvetica, Arial, sans-serif; pointer-events: all; caret-color: rgba(0, 0, 0, 0.9);\">Et c\u2019est plus courant qu\u2019on ne le pense. <span style=\"box-sizing: inherit; margin: var(--artdeco-reset-base-margin-zero); padding: var(--artdeco-reset-base-padding-zero); border: var(--artdeco-reset-base-border-zero); font-size: var(--artdeco-reset-base-font-size-hundred-percent); vertical-align: var(--artdeco-reset-base-vertical-align-baseline); outline: var(--artdeco-reset-base-outline-zero); font-family: var(--artdeco-reset-typography-font-family-sans);\">Environ 14 % des salari\u00e9s europ\u00e9ens<\/span> ont d\u00e9j\u00e0 \u00e9t\u00e9 victimes de bulling. Au Luxembourg, certains m\u00e9decins du travail estiment qu\u2019<span style=\"box-sizing: inherit; margin: var(--artdeco-reset-base-margin-zero); padding: var(--artdeco-reset-base-padding-zero); border: var(--artdeco-reset-base-border-zero); font-size: var(--artdeco-reset-base-font-size-hundred-percent); vertical-align: var(--artdeco-reset-base-vertical-align-baseline); outline: var(--artdeco-reset-base-outline-zero); font-family: var(--artdeco-reset-typography-font-family-sans);\">un salari\u00e9 sur dix<\/span> a d\u00e9j\u00e0 v\u00e9cu ce type de situation sans que rien ne soit jamais fait.<\/p><p style=\"box-sizing: inherit; margin-bottom: var(--spacing-four-x); padding: var(--artdeco-reset-base-padding-zero); border: var(--artdeco-reset-base-border-zero); vertical-align: var(--artdeco-reset-base-vertical-align-baseline); line-height: var(--line-height-open); color: rgba(0, 0, 0, 0.9); font-family: -apple-system, system-ui, BlinkMacSystemFont, 'Segoe UI', Roboto, 'Helvetica Neue', 'Fira Sans', Ubuntu, Oxygen, 'Oxygen Sans', Cantarell, 'Droid Sans', 'Apple Color Emoji', 'Segoe UI Emoji', 'Segoe UI Emoji', 'Segoe UI Symbol', 'Lucida Grande', Helvetica, Arial, sans-serif; pointer-events: all; caret-color: rgba(0, 0, 0, 0.9);\">Ce qui est insidieux, c\u2019est que \u00e7a s\u2019installe lentement. Mais \u00e7a laisse des marques durables : <span style=\"box-sizing: inherit; margin: var(--artdeco-reset-base-margin-zero); padding: var(--artdeco-reset-base-padding-zero); border: var(--artdeco-reset-base-border-zero); font-size: var(--artdeco-reset-base-font-size-hundred-percent); vertical-align: var(--artdeco-reset-base-vertical-align-baseline); outline: var(--artdeco-reset-base-outline-zero); font-family: var(--artdeco-reset-typography-font-family-sans);\">troubles du sommeil, anxi\u00e9t\u00e9, perte d\u2019estime de soi<\/span>, voire <span style=\"box-sizing: inherit; margin: var(--artdeco-reset-base-margin-zero); padding: var(--artdeco-reset-base-padding-zero); border: var(--artdeco-reset-base-border-zero); font-size: var(--artdeco-reset-base-font-size-hundred-percent); vertical-align: var(--artdeco-reset-base-vertical-align-baseline); outline: var(--artdeco-reset-base-outline-zero); font-family: var(--artdeco-reset-typography-font-family-sans);\">d\u00e9pression<\/span>. Il ne faut <span style=\"box-sizing: inherit; margin: var(--artdeco-reset-base-margin-zero); padding: var(--artdeco-reset-base-padding-zero); border: var(--artdeco-reset-base-border-zero); font-size: var(--artdeco-reset-base-font-size-hundred-percent); vertical-align: var(--artdeco-reset-base-vertical-align-baseline); outline: var(--artdeco-reset-base-outline-zero); font-family: var(--artdeco-reset-typography-font-family-sans);\">jamais banaliser \u00e7a<\/span>.<\/p><hr style=\"box-sizing: inherit; border-right-width: 0px; border-bottom-width: 0px; border-left-width: 0px; border-right-style: none; border-bottom-style: none; border-left-style: none; height: 1px; margin-bottom: var(--spacing-four-x); padding: 0px; border-right-color: rgba(0, 0, 0, 0.15); border-bottom-color: rgba(0, 0, 0, 0.15); border-left-color: rgba(0, 0, 0, 0.15); border-top: solid 1px var(--color-border-faint); font-family: -apple-system, system-ui, BlinkMacSystemFont, 'Segoe UI', Roboto, 'Helvetica Neue', 'Fira Sans', Ubuntu, Oxygen, 'Oxygen Sans', Cantarell, 'Droid Sans', 'Apple Color Emoji', 'Segoe UI Emoji', 'Segoe UI Emoji', 'Segoe UI Symbol', 'Lucida Grande', Helvetica, Arial, sans-serif; width: 584px;\" \/><h3 style=\"box-sizing: inherit; margin-bottom: var(--spacing-two-x); padding: var(--artdeco-reset-base-padding-zero); border: var(--artdeco-reset-base-border-zero); font-size: var(--font-size-xlarge); vertical-align: var(--artdeco-reset-base-vertical-align-baseline); outline: var(--artdeco-reset-base-outline-zero); color: rgba(0, 0, 0, 0.9); line-height: var(--line-height-default); font-family: -apple-system, system-ui, BlinkMacSystemFont, 'Segoe UI', Roboto, 'Helvetica Neue', 'Fira Sans', Ubuntu, Oxygen, 'Oxygen Sans', Cantarell, 'Droid Sans', 'Apple Color Emoji', 'Segoe UI Emoji', 'Segoe UI Emoji', 'Segoe UI Symbol', 'Lucida Grande', Helvetica, Arial, sans-serif; caret-color: rgba(0, 0, 0, 0.9);\">Burn-out : quand le corps et l\u2019esprit saturent<\/h3><p style=\"box-sizing: inherit; margin-bottom: var(--spacing-four-x); padding: var(--artdeco-reset-base-padding-zero); border: var(--artdeco-reset-base-border-zero); vertical-align: var(--artdeco-reset-base-vertical-align-baseline); line-height: var(--line-height-open); color: rgba(0, 0, 0, 0.9); font-family: -apple-system, system-ui, BlinkMacSystemFont, 'Segoe UI', Roboto, 'Helvetica Neue', 'Fira Sans', Ubuntu, Oxygen, 'Oxygen Sans', Cantarell, 'Droid Sans', 'Apple Color Emoji', 'Segoe UI Emoji', 'Segoe UI Emoji', 'Segoe UI Symbol', 'Lucida Grande', Helvetica, Arial, sans-serif; pointer-events: all; caret-color: rgba(0, 0, 0, 0.9);\">Le burn-out, on en parle souvent, parfois mal. Ce n\u2019est pas juste un coup de fatigue. C\u2019est un <span style=\"box-sizing: inherit; margin: var(--artdeco-reset-base-margin-zero); padding: var(--artdeco-reset-base-padding-zero); border: var(--artdeco-reset-base-border-zero); font-size: var(--artdeco-reset-base-font-size-hundred-percent); vertical-align: var(--artdeco-reset-base-vertical-align-baseline); outline: var(--artdeco-reset-base-outline-zero); font-family: var(--artdeco-reset-typography-font-family-sans);\">\u00e9tat d\u2019\u00e9puisement complet<\/span> \u2014 physique, mental et \u00e9motionnel \u2014 caus\u00e9 par un stress chronique mal g\u00e9r\u00e9. Trop de pression, pas assez de reconnaissance, des attentes irr\u00e9alistes, et plus aucune marge de man\u0153uvre\u2026 \u00e7a finit par casser.<\/p><p style=\"box-sizing: inherit; margin-bottom: var(--spacing-four-x); padding: var(--artdeco-reset-base-padding-zero); border: var(--artdeco-reset-base-border-zero); vertical-align: var(--artdeco-reset-base-vertical-align-baseline); line-height: var(--line-height-open); color: rgba(0, 0, 0, 0.9); font-family: -apple-system, system-ui, BlinkMacSystemFont, 'Segoe UI', Roboto, 'Helvetica Neue', 'Fira Sans', Ubuntu, Oxygen, 'Oxygen Sans', Cantarell, 'Droid Sans', 'Apple Color Emoji', 'Segoe UI Emoji', 'Segoe UI Emoji', 'Segoe UI Symbol', 'Lucida Grande', Helvetica, Arial, sans-serif; pointer-events: all; caret-color: rgba(0, 0, 0, 0.9);\">Et \u00e7a ne concerne pas que les postes \u00e0 haute responsabilit\u00e9. Dans <span style=\"box-sizing: inherit; margin: var(--artdeco-reset-base-margin-zero); padding: var(--artdeco-reset-base-padding-zero); border: var(--artdeco-reset-base-border-zero); font-size: var(--artdeco-reset-base-font-size-hundred-percent); vertical-align: var(--artdeco-reset-base-vertical-align-baseline); outline: var(--artdeco-reset-base-outline-zero); font-family: var(--artdeco-reset-typography-font-family-sans);\">toutes les strates de l\u2019entreprise<\/span>, des personnes s\u2019effondrent parce qu\u2019elles n\u2019en peuvent plus. Selon la Commission europ\u00e9enne, <span style=\"box-sizing: inherit; margin: var(--artdeco-reset-base-margin-zero); padding: var(--artdeco-reset-base-padding-zero); border: var(--artdeco-reset-base-border-zero); font-size: var(--artdeco-reset-base-font-size-hundred-percent); vertical-align: var(--artdeco-reset-base-vertical-align-baseline); outline: var(--artdeco-reset-base-outline-zero); font-family: var(--artdeco-reset-typography-font-family-sans);\">pr\u00e8s de 25 % des travailleurs europ\u00e9ens<\/span> disent avoir v\u00e9cu une situation de burn-out. Et au Luxembourg, les professionnels de sant\u00e9 alertent r\u00e9guli\u00e8rement sur la <span style=\"box-sizing: inherit; margin: var(--artdeco-reset-base-margin-zero); padding: var(--artdeco-reset-base-padding-zero); border: var(--artdeco-reset-base-border-zero); font-size: var(--artdeco-reset-base-font-size-hundred-percent); vertical-align: var(--artdeco-reset-base-vertical-align-baseline); outline: var(--artdeco-reset-base-outline-zero); font-family: var(--artdeco-reset-typography-font-family-sans);\">hausse des arr\u00eats maladie li\u00e9s \u00e0 l\u2019\u00e9puisement<\/span>.<\/p><hr style=\"box-sizing: inherit; border-right-width: 0px; border-bottom-width: 0px; border-left-width: 0px; border-right-style: none; border-bottom-style: none; border-left-style: none; height: 1px; margin-bottom: var(--spacing-four-x); padding: 0px; border-right-color: rgba(0, 0, 0, 0.15); border-bottom-color: rgba(0, 0, 0, 0.15); border-left-color: rgba(0, 0, 0, 0.15); border-top: solid 1px var(--color-border-faint); font-family: -apple-system, system-ui, BlinkMacSystemFont, 'Segoe UI', Roboto, 'Helvetica Neue', 'Fira Sans', Ubuntu, Oxygen, 'Oxygen Sans', Cantarell, 'Droid Sans', 'Apple Color Emoji', 'Segoe UI Emoji', 'Segoe UI Emoji', 'Segoe UI Symbol', 'Lucida Grande', Helvetica, Arial, sans-serif; width: 584px;\" \/><h3 style=\"box-sizing: inherit; margin-bottom: var(--spacing-two-x); padding: var(--artdeco-reset-base-padding-zero); border: var(--artdeco-reset-base-border-zero); font-size: var(--font-size-xlarge); vertical-align: var(--artdeco-reset-base-vertical-align-baseline); outline: var(--artdeco-reset-base-outline-zero); color: rgba(0, 0, 0, 0.9); line-height: var(--line-height-default); font-family: -apple-system, system-ui, BlinkMacSystemFont, 'Segoe UI', Roboto, 'Helvetica Neue', 'Fira Sans', Ubuntu, Oxygen, 'Oxygen Sans', Cantarell, 'Droid Sans', 'Apple Color Emoji', 'Segoe UI Emoji', 'Segoe UI Emoji', 'Segoe UI Symbol', 'Lucida Grande', Helvetica, Arial, sans-serif; caret-color: rgba(0, 0, 0, 0.9);\">Bore-out : l\u2019ennui professionnel, l\u2019autre face du mal-\u00eatre<\/h3><p style=\"box-sizing: inherit; margin-bottom: var(--spacing-four-x); padding: var(--artdeco-reset-base-padding-zero); border: var(--artdeco-reset-base-border-zero); vertical-align: var(--artdeco-reset-base-vertical-align-baseline); line-height: var(--line-height-open); color: rgba(0, 0, 0, 0.9); font-family: -apple-system, system-ui, BlinkMacSystemFont, 'Segoe UI', Roboto, 'Helvetica Neue', 'Fira Sans', Ubuntu, Oxygen, 'Oxygen Sans', Cantarell, 'Droid Sans', 'Apple Color Emoji', 'Segoe UI Emoji', 'Segoe UI Emoji', 'Segoe UI Symbol', 'Lucida Grande', Helvetica, Arial, sans-serif; pointer-events: all; caret-color: rgba(0, 0, 0, 0.9);\">\u00c0 l\u2019inverse du burn-out, il y a le bore-out. Moins connu, mais tout aussi destructeur. C\u2019est ce qu\u2019on vit quand on est <span style=\"box-sizing: inherit; margin: var(--artdeco-reset-base-margin-zero); padding: var(--artdeco-reset-base-padding-zero); border: var(--artdeco-reset-base-border-zero); font-size: var(--artdeco-reset-base-font-size-hundred-percent); vertical-align: var(--artdeco-reset-base-vertical-align-baseline); outline: var(--artdeco-reset-base-outline-zero); font-family: var(--artdeco-reset-typography-font-family-sans);\">constamment sous-charg\u00e9<\/span>, qu\u2019on fait un travail sans int\u00e9r\u00eat, ou qu\u2019on est mis sur la touche sans explication. On ne se sent plus utile, on perd toute motivation, et au fil des semaines, on finit par <span style=\"box-sizing: inherit; margin: var(--artdeco-reset-base-margin-zero); padding: var(--artdeco-reset-base-padding-zero); border: var(--artdeco-reset-base-border-zero); font-size: var(--artdeco-reset-base-font-size-hundred-percent); vertical-align: var(--artdeco-reset-base-vertical-align-baseline); outline: var(--artdeco-reset-base-outline-zero); font-family: var(--artdeco-reset-typography-font-family-sans);\">douter de sa l\u00e9gitimit\u00e9 m\u00eame<\/span>.<\/p><p style=\"box-sizing: inherit; margin-bottom: var(--spacing-four-x); padding: var(--artdeco-reset-base-padding-zero); border: var(--artdeco-reset-base-border-zero); vertical-align: var(--artdeco-reset-base-vertical-align-baseline); line-height: var(--line-height-open); color: rgba(0, 0, 0, 0.9); font-family: -apple-system, system-ui, BlinkMacSystemFont, 'Segoe UI', Roboto, 'Helvetica Neue', 'Fira Sans', Ubuntu, Oxygen, 'Oxygen Sans', Cantarell, 'Droid Sans', 'Apple Color Emoji', 'Segoe UI Emoji', 'Segoe UI Emoji', 'Segoe UI Symbol', 'Lucida Grande', Helvetica, Arial, sans-serif; pointer-events: all; caret-color: rgba(0, 0, 0, 0.9);\">Et non, ce n\u2019est pas une chance d\u2019avoir \u00ab\u00a0rien \u00e0 faire\u00a0\u00bb. C\u2019est un <span style=\"box-sizing: inherit; margin: var(--artdeco-reset-base-margin-zero); padding: var(--artdeco-reset-base-padding-zero); border: var(--artdeco-reset-base-border-zero); font-size: var(--artdeco-reset-base-font-size-hundred-percent); vertical-align: var(--artdeco-reset-base-vertical-align-baseline); outline: var(--artdeco-reset-base-outline-zero); font-family: var(--artdeco-reset-typography-font-family-sans);\">isolement progressif<\/span>, souvent v\u00e9cu dans la honte. En 2022, une enqu\u00eate StepStone r\u00e9v\u00e9lait que <span style=\"box-sizing: inherit; margin: var(--artdeco-reset-base-margin-zero); padding: var(--artdeco-reset-base-padding-zero); border: var(--artdeco-reset-base-border-zero); font-size: var(--artdeco-reset-base-font-size-hundred-percent); vertical-align: var(--artdeco-reset-base-vertical-align-baseline); outline: var(--artdeco-reset-base-outline-zero); font-family: var(--artdeco-reset-typography-font-family-sans);\">plus de 30 % des actifs luxembourgeois<\/span> ont d\u00e9j\u00e0 v\u00e9cu ce sentiment d\u2019inutilit\u00e9 prolong\u00e9e. Et les cons\u00e9quences sont s\u00e9rieuses : <span style=\"box-sizing: inherit; margin: var(--artdeco-reset-base-margin-zero); padding: var(--artdeco-reset-base-padding-zero); border: var(--artdeco-reset-base-border-zero); font-size: var(--artdeco-reset-base-font-size-hundred-percent); vertical-align: var(--artdeco-reset-base-vertical-align-baseline); outline: var(--artdeco-reset-base-outline-zero); font-family: var(--artdeco-reset-typography-font-family-sans);\">anxi\u00e9t\u00e9, repli sur soi, troubles de l\u2019humeur, voire d\u00e9pression<\/span>.<\/p><hr style=\"box-sizing: inherit; border-right-width: 0px; border-bottom-width: 0px; border-left-width: 0px; border-right-style: none; border-bottom-style: none; border-left-style: none; height: 1px; margin-bottom: var(--spacing-four-x); padding: 0px; border-right-color: rgba(0, 0, 0, 0.15); border-bottom-color: rgba(0, 0, 0, 0.15); border-left-color: rgba(0, 0, 0, 0.15); border-top: solid 1px var(--color-border-faint); font-family: -apple-system, system-ui, BlinkMacSystemFont, 'Segoe UI', Roboto, 'Helvetica Neue', 'Fira Sans', Ubuntu, Oxygen, 'Oxygen Sans', Cantarell, 'Droid Sans', 'Apple Color Emoji', 'Segoe UI Emoji', 'Segoe UI Emoji', 'Segoe UI Symbol', 'Lucida Grande', Helvetica, Arial, sans-serif; width: 584px;\" \/><h3 style=\"box-sizing: inherit; margin-bottom: var(--spacing-two-x); padding: var(--artdeco-reset-base-padding-zero); border: var(--artdeco-reset-base-border-zero); font-size: var(--font-size-xlarge); vertical-align: var(--artdeco-reset-base-vertical-align-baseline); outline: var(--artdeco-reset-base-outline-zero); color: rgba(0, 0, 0, 0.9); line-height: var(--line-height-default); font-family: -apple-system, system-ui, BlinkMacSystemFont, 'Segoe UI', Roboto, 'Helvetica Neue', 'Fira Sans', Ubuntu, Oxygen, 'Oxygen Sans', Cantarell, 'Droid Sans', 'Apple Color Emoji', 'Segoe UI Emoji', 'Segoe UI Emoji', 'Segoe UI Symbol', 'Lucida Grande', Helvetica, Arial, sans-serif; caret-color: rgba(0, 0, 0, 0.9);\">Reconna\u00eetre les signaux, c\u2019est d\u00e9j\u00e0 agir<\/h3><p style=\"box-sizing: inherit; margin-bottom: var(--spacing-four-x); padding: var(--artdeco-reset-base-padding-zero); border: var(--artdeco-reset-base-border-zero); vertical-align: var(--artdeco-reset-base-vertical-align-baseline); line-height: var(--line-height-open); color: rgba(0, 0, 0, 0.9); font-family: -apple-system, system-ui, BlinkMacSystemFont, 'Segoe UI', Roboto, 'Helvetica Neue', 'Fira Sans', Ubuntu, Oxygen, 'Oxygen Sans', Cantarell, 'Droid Sans', 'Apple Color Emoji', 'Segoe UI Emoji', 'Segoe UI Emoji', 'Segoe UI Symbol', 'Lucida Grande', Helvetica, Arial, sans-serif; pointer-events: all; caret-color: rgba(0, 0, 0, 0.9);\">Ce qui rend les RPS dangereux, c\u2019est qu\u2019ils avancent <span style=\"box-sizing: inherit; margin: var(--artdeco-reset-base-margin-zero); padding: var(--artdeco-reset-base-padding-zero); border: var(--artdeco-reset-base-border-zero); font-size: var(--artdeco-reset-base-font-size-hundred-percent); vertical-align: var(--artdeco-reset-base-vertical-align-baseline); outline: var(--artdeco-reset-base-outline-zero); font-family: var(--artdeco-reset-typography-font-family-sans);\">masqu\u00e9s<\/span>. Les signes sont l\u00e0, mais souvent discrets : <span style=\"box-sizing: inherit; margin: var(--artdeco-reset-base-margin-zero); padding: var(--artdeco-reset-base-padding-zero); border: var(--artdeco-reset-base-border-zero); font-size: var(--artdeco-reset-base-font-size-hundred-percent); vertical-align: var(--artdeco-reset-base-vertical-align-baseline); outline: var(--artdeco-reset-base-outline-zero); font-family: var(--artdeco-reset-typography-font-family-sans);\">irritabilit\u00e9, repli, fatigue constante, retards r\u00e9p\u00e9t\u00e9s, d\u00e9sengagement<\/span>\u2026 Rien de spectaculaire, mais une lente d\u00e9t\u00e9rioration du lien entre la personne et son travail.<\/p><p style=\"box-sizing: inherit; margin-bottom: var(--spacing-four-x); padding: var(--artdeco-reset-base-padding-zero); border: var(--artdeco-reset-base-border-zero); vertical-align: var(--artdeco-reset-base-vertical-align-baseline); line-height: var(--line-height-open); color: rgba(0, 0, 0, 0.9); font-family: -apple-system, system-ui, BlinkMacSystemFont, 'Segoe UI', Roboto, 'Helvetica Neue', 'Fira Sans', Ubuntu, Oxygen, 'Oxygen Sans', Cantarell, 'Droid Sans', 'Apple Color Emoji', 'Segoe UI Emoji', 'Segoe UI Emoji', 'Segoe UI Symbol', 'Lucida Grande', Helvetica, Arial, sans-serif; pointer-events: all; caret-color: rgba(0, 0, 0, 0.9);\">Et dans beaucoup de cas, <span style=\"box-sizing: inherit; margin: var(--artdeco-reset-base-margin-zero); padding: var(--artdeco-reset-base-padding-zero); border: var(--artdeco-reset-base-border-zero); font-size: var(--artdeco-reset-base-font-size-hundred-percent); vertical-align: var(--artdeco-reset-base-vertical-align-baseline); outline: var(--artdeco-reset-base-outline-zero); font-family: var(--artdeco-reset-typography-font-family-sans);\">c\u2019est le collectif qui peut faire la diff\u00e9rence<\/span>. Un manager attentif, un coll\u00e8gue qui tend la main, une culture d\u2019\u00e9coute ouverte\u2026 Tout \u00e7a permet de d\u00e9tecter les signaux faibles et d\u2019intervenir <span style=\"box-sizing: inherit; margin: var(--artdeco-reset-base-margin-zero); padding: var(--artdeco-reset-base-padding-zero); border: var(--artdeco-reset-base-border-zero); font-size: var(--artdeco-reset-base-font-size-hundred-percent); vertical-align: var(--artdeco-reset-base-vertical-align-baseline); outline: var(--artdeco-reset-base-outline-zero); font-family: var(--artdeco-reset-typography-font-family-sans);\">avant que la personne ne s\u2019effondre<\/span>.<\/p><hr style=\"box-sizing: inherit; border-right-width: 0px; border-bottom-width: 0px; border-left-width: 0px; border-right-style: none; border-bottom-style: none; border-left-style: none; height: 1px; margin-bottom: var(--spacing-four-x); padding: 0px; border-right-color: rgba(0, 0, 0, 0.15); border-bottom-color: rgba(0, 0, 0, 0.15); border-left-color: rgba(0, 0, 0, 0.15); border-top: solid 1px var(--color-border-faint); font-family: -apple-system, system-ui, BlinkMacSystemFont, 'Segoe UI', Roboto, 'Helvetica Neue', 'Fira Sans', Ubuntu, Oxygen, 'Oxygen Sans', Cantarell, 'Droid Sans', 'Apple Color Emoji', 'Segoe UI Emoji', 'Segoe UI Emoji', 'Segoe UI Symbol', 'Lucida Grande', Helvetica, Arial, sans-serif; width: 584px;\" \/><h3 style=\"box-sizing: inherit; margin-bottom: var(--spacing-two-x); padding: var(--artdeco-reset-base-padding-zero); border: var(--artdeco-reset-base-border-zero); font-size: var(--font-size-xlarge); vertical-align: var(--artdeco-reset-base-vertical-align-baseline); outline: var(--artdeco-reset-base-outline-zero); color: rgba(0, 0, 0, 0.9); line-height: var(--line-height-default); font-family: -apple-system, system-ui, BlinkMacSystemFont, 'Segoe UI', Roboto, 'Helvetica Neue', 'Fira Sans', Ubuntu, Oxygen, 'Oxygen Sans', Cantarell, 'Droid Sans', 'Apple Color Emoji', 'Segoe UI Emoji', 'Segoe UI Emoji', 'Segoe UI Symbol', 'Lucida Grande', Helvetica, Arial, sans-serif; caret-color: rgba(0, 0, 0, 0.9);\">Trois niveaux de pr\u00e9vention \u00e0 activer, ensemble<\/h3><p style=\"box-sizing: inherit; margin-bottom: var(--spacing-four-x); padding: var(--artdeco-reset-base-padding-zero); border: var(--artdeco-reset-base-border-zero); vertical-align: var(--artdeco-reset-base-vertical-align-baseline); line-height: var(--line-height-open); color: rgba(0, 0, 0, 0.9); font-family: -apple-system, system-ui, BlinkMacSystemFont, 'Segoe UI', Roboto, 'Helvetica Neue', 'Fira Sans', Ubuntu, Oxygen, 'Oxygen Sans', Cantarell, 'Droid Sans', 'Apple Color Emoji', 'Segoe UI Emoji', 'Segoe UI Emoji', 'Segoe UI Symbol', 'Lucida Grande', Helvetica, Arial, sans-serif; pointer-events: all; caret-color: rgba(0, 0, 0, 0.9);\">Pr\u00e9venir les RPS, ce n\u2019est pas organiser une s\u00e9ance de yoga par trimestre. C\u2019est penser pr\u00e9vention sur <span style=\"box-sizing: inherit; margin: var(--artdeco-reset-base-margin-zero); padding: var(--artdeco-reset-base-padding-zero); border: var(--artdeco-reset-base-border-zero); font-size: var(--artdeco-reset-base-font-size-hundred-percent); vertical-align: var(--artdeco-reset-base-vertical-align-baseline); outline: var(--artdeco-reset-base-outline-zero); font-family: var(--artdeco-reset-typography-font-family-sans);\">trois niveaux compl\u00e9mentaires<\/span> :<\/p><ul style=\"caret-color: #000000; font-family: var(--artdeco-reset-typography-font-family-sans); box-sizing: inherit; margin-bottom: var(--spacing-four-x); padding-left: var(--spacing-four-x); border: var(--artdeco-reset-base-border-zero); font-size: var(--font-size-medium); vertical-align: var(--artdeco-reset-base-vertical-align-baseline); line-height: var(--line-height-open);\"><li style=\"box-sizing: inherit; margin-bottom: var(--spacing-one-x); padding-left: var(--spacing-one-x); border: var(--artdeco-reset-base-border-zero); font-size: var(--artdeco-reset-base-font-size-hundred-percent); vertical-align: var(--artdeco-reset-base-vertical-align-baseline); font-family: var(--artdeco-reset-typography-font-family-sans);\">La <span style=\"box-sizing: inherit; margin: var(--artdeco-reset-base-margin-zero); padding: var(--artdeco-reset-base-padding-zero); border: var(--artdeco-reset-base-border-zero); font-size: var(--artdeco-reset-base-font-size-hundred-percent); vertical-align: var(--artdeco-reset-base-vertical-align-baseline); outline: var(--artdeco-reset-base-outline-zero); font-family: var(--artdeco-reset-typography-font-family-sans);\">pr\u00e9vention primaire<\/span>, c\u2019est agir \u00e0 la racine. Repenser l\u2019organisation du travail, \u00e9quilibrer les charges, clarifier les r\u00f4les, construire un climat de confiance. On ne r\u00e9sout pas un mal-\u00eatre profond avec une formation express sur la gestion du stress. Il faut s\u2019attaquer aux <span style=\"box-sizing: inherit; margin: var(--artdeco-reset-base-margin-zero); padding: var(--artdeco-reset-base-padding-zero); border: var(--artdeco-reset-base-border-zero); font-size: var(--artdeco-reset-base-font-size-hundred-percent); vertical-align: var(--artdeco-reset-base-vertical-align-baseline); outline: var(--artdeco-reset-base-outline-zero); font-family: var(--artdeco-reset-typography-font-family-sans);\">causes<\/span>, pas juste aux sympt\u00f4mes.<\/li><li style=\"box-sizing: inherit; margin-bottom: var(--spacing-one-x); padding-left: var(--spacing-one-x); border: var(--artdeco-reset-base-border-zero); font-size: var(--artdeco-reset-base-font-size-hundred-percent); vertical-align: var(--artdeco-reset-base-vertical-align-baseline); font-family: var(--artdeco-reset-typography-font-family-sans);\">La <span style=\"box-sizing: inherit; margin: var(--artdeco-reset-base-margin-zero); padding: var(--artdeco-reset-base-padding-zero); border: var(--artdeco-reset-base-border-zero); font-size: var(--artdeco-reset-base-font-size-hundred-percent); vertical-align: var(--artdeco-reset-base-vertical-align-baseline); outline: var(--artdeco-reset-base-outline-zero); font-family: var(--artdeco-reset-typography-font-family-sans);\">pr\u00e9vention secondaire<\/span>, c\u2019est former, sensibiliser, accompagner. Former les managers \u00e0 rep\u00e9rer les signaux, mettre en place des lignes d\u2019\u00e9coute, proposer des ateliers sur la r\u00e9gulation du stress ou la communication. On <span style=\"box-sizing: inherit; margin: var(--artdeco-reset-base-margin-zero); padding: var(--artdeco-reset-base-padding-zero); border: var(--artdeco-reset-base-border-zero); font-size: var(--artdeco-reset-base-font-size-hundred-percent); vertical-align: var(--artdeco-reset-base-vertical-align-baseline); outline: var(--artdeco-reset-base-outline-zero); font-family: var(--artdeco-reset-typography-font-family-sans);\">renforce les capacit\u00e9s d\u2019adaptation<\/span>, sans nier la r\u00e9alit\u00e9.<\/li><li style=\"box-sizing: inherit; margin-bottom: var(--spacing-one-x); padding-left: var(--spacing-one-x); border: var(--artdeco-reset-base-border-zero); font-size: var(--artdeco-reset-base-font-size-hundred-percent); vertical-align: var(--artdeco-reset-base-vertical-align-baseline); font-family: var(--artdeco-reset-typography-font-family-sans);\">Et la <span style=\"box-sizing: inherit; margin: var(--artdeco-reset-base-margin-zero); padding: var(--artdeco-reset-base-padding-zero); border: var(--artdeco-reset-base-border-zero); font-size: var(--artdeco-reset-base-font-size-hundred-percent); vertical-align: var(--artdeco-reset-base-vertical-align-baseline); outline: var(--artdeco-reset-base-outline-zero); font-family: var(--artdeco-reset-typography-font-family-sans);\">pr\u00e9vention tertiaire<\/span>, c\u2019est intervenir quand la souffrance est d\u00e9j\u00e0 l\u00e0. Soutenir un salari\u00e9 en difficult\u00e9, proposer un suivi psy, am\u00e9nager le poste ou accompagner le retour au travail. Et surtout : <span style=\"box-sizing: inherit; margin: var(--artdeco-reset-base-margin-zero); padding: var(--artdeco-reset-base-padding-zero); border: var(--artdeco-reset-base-border-zero); font-size: var(--artdeco-reset-base-font-size-hundred-percent); vertical-align: var(--artdeco-reset-base-vertical-align-baseline); outline: var(--artdeco-reset-base-outline-zero); font-family: var(--artdeco-reset-typography-font-family-sans);\">ne pas stigmatiser<\/span>.<\/li><\/ul><p style=\"box-sizing: inherit; margin-bottom: var(--spacing-four-x); padding: var(--artdeco-reset-base-padding-zero); border: var(--artdeco-reset-base-border-zero); vertical-align: var(--artdeco-reset-base-vertical-align-baseline); line-height: var(--line-height-open); color: rgba(0, 0, 0, 0.9); font-family: -apple-system, system-ui, BlinkMacSystemFont, 'Segoe UI', Roboto, 'Helvetica Neue', 'Fira Sans', Ubuntu, Oxygen, 'Oxygen Sans', Cantarell, 'Droid Sans', 'Apple Color Emoji', 'Segoe UI Emoji', 'Segoe UI Emoji', 'Segoe UI Symbol', 'Lucida Grande', Helvetica, Arial, sans-serif; pointer-events: all; caret-color: rgba(0, 0, 0, 0.9);\">Ces trois niveaux sont <span style=\"box-sizing: inherit; margin: var(--artdeco-reset-base-margin-zero); padding: var(--artdeco-reset-base-padding-zero); border: var(--artdeco-reset-base-border-zero); font-size: var(--artdeco-reset-base-font-size-hundred-percent); vertical-align: var(--artdeco-reset-base-vertical-align-baseline); outline: var(--artdeco-reset-base-outline-zero); font-family: var(--artdeco-reset-typography-font-family-sans);\">indissociables<\/span>. Et ensemble, ils cr\u00e9ent les conditions d\u2019un climat de travail plus stable, plus respectueux, plus humain.<\/p><hr style=\"box-sizing: inherit; border-right-width: 0px; border-bottom-width: 0px; border-left-width: 0px; border-right-style: none; border-bottom-style: none; border-left-style: none; height: 1px; margin-bottom: var(--spacing-four-x); padding: 0px; border-right-color: rgba(0, 0, 0, 0.15); border-bottom-color: rgba(0, 0, 0, 0.15); border-left-color: rgba(0, 0, 0, 0.15); border-top: solid 1px var(--color-border-faint); font-family: -apple-system, system-ui, BlinkMacSystemFont, 'Segoe UI', Roboto, 'Helvetica Neue', 'Fira Sans', Ubuntu, Oxygen, 'Oxygen Sans', Cantarell, 'Droid Sans', 'Apple Color Emoji', 'Segoe UI Emoji', 'Segoe UI Emoji', 'Segoe UI Symbol', 'Lucida Grande', Helvetica, Arial, sans-serif; width: 584px;\" \/><h3 style=\"box-sizing: inherit; margin-bottom: var(--spacing-two-x); padding: var(--artdeco-reset-base-padding-zero); border: var(--artdeco-reset-base-border-zero); font-size: var(--font-size-xlarge); vertical-align: var(--artdeco-reset-base-vertical-align-baseline); outline: var(--artdeco-reset-base-outline-zero); color: rgba(0, 0, 0, 0.9); line-height: var(--line-height-default); font-family: -apple-system, system-ui, BlinkMacSystemFont, 'Segoe UI', Roboto, 'Helvetica Neue', 'Fira Sans', Ubuntu, Oxygen, 'Oxygen Sans', Cantarell, 'Droid Sans', 'Apple Color Emoji', 'Segoe UI Emoji', 'Segoe UI Emoji', 'Segoe UI Symbol', 'Lucida Grande', Helvetica, Arial, sans-serif; caret-color: rgba(0, 0, 0, 0.9);\">Et au Luxembourg, on en est o\u00f9 ?<\/h3><p style=\"box-sizing: inherit; margin-bottom: var(--spacing-four-x); padding: var(--artdeco-reset-base-padding-zero); border: var(--artdeco-reset-base-border-zero); vertical-align: var(--artdeco-reset-base-vertical-align-baseline); line-height: var(--line-height-open); color: rgba(0, 0, 0, 0.9); font-family: -apple-system, system-ui, BlinkMacSystemFont, 'Segoe UI', Roboto, 'Helvetica Neue', 'Fira Sans', Ubuntu, Oxygen, 'Oxygen Sans', Cantarell, 'Droid Sans', 'Apple Color Emoji', 'Segoe UI Emoji', 'Segoe UI Emoji', 'Segoe UI Symbol', 'Lucida Grande', Helvetica, Arial, sans-serif; pointer-events: all; caret-color: rgba(0, 0, 0, 0.9);\">Le Luxembourg n\u2019est pas \u00e0 la tra\u00eene. Il y a des outils, des recommandations, des institutions engag\u00e9es. L\u2019ITM incite les entreprises \u00e0 int\u00e9grer les RPS dans leur DUER. La CNS et l\u2019ASTF publient des ressources utiles. Et <span style=\"box-sizing: inherit; margin: var(--artdeco-reset-base-margin-zero); padding: var(--artdeco-reset-base-padding-zero); border: var(--artdeco-reset-base-border-zero); font-size: var(--artdeco-reset-base-font-size-hundred-percent); vertical-align: var(--artdeco-reset-base-vertical-align-baseline); outline: var(--artdeco-reset-base-outline-zero); font-family: var(--artdeco-reset-typography-font-family-sans);\">de plus en plus d\u2019organisations structurent leur d\u00e9marche<\/span>.<\/p><p style=\"box-sizing: inherit; margin-bottom: var(--spacing-four-x); padding: var(--artdeco-reset-base-padding-zero); border: var(--artdeco-reset-base-border-zero); vertical-align: var(--artdeco-reset-base-vertical-align-baseline); line-height: var(--line-height-open); color: rgba(0, 0, 0, 0.9); font-family: -apple-system, system-ui, BlinkMacSystemFont, 'Segoe UI', Roboto, 'Helvetica Neue', 'Fira Sans', Ubuntu, Oxygen, 'Oxygen Sans', Cantarell, 'Droid Sans', 'Apple Color Emoji', 'Segoe UI Emoji', 'Segoe UI Emoji', 'Segoe UI Symbol', 'Lucida Grande', Helvetica, Arial, sans-serif; pointer-events: all; caret-color: rgba(0, 0, 0, 0.9);\">Mais malgr\u00e9 tout \u00e7a, <span style=\"box-sizing: inherit; margin: var(--artdeco-reset-base-margin-zero); padding: var(--artdeco-reset-base-padding-zero); border: var(--artdeco-reset-base-border-zero); font-size: var(--artdeco-reset-base-font-size-hundred-percent); vertical-align: var(--artdeco-reset-base-vertical-align-baseline); outline: var(--artdeco-reset-base-outline-zero); font-family: var(--artdeco-reset-typography-font-family-sans);\">on reste loin du compte<\/span>. Une \u00e9tude r\u00e9cente montre que <span style=\"box-sizing: inherit; margin: var(--artdeco-reset-base-margin-zero); padding: var(--artdeco-reset-base-padding-zero); border: var(--artdeco-reset-base-border-zero); font-size: var(--artdeco-reset-base-font-size-hundred-percent); vertical-align: var(--artdeco-reset-base-vertical-align-baseline); outline: var(--artdeco-reset-base-outline-zero); font-family: var(--artdeco-reset-typography-font-family-sans);\">pr\u00e8s d\u2019un salari\u00e9 sur trois<\/span> ne sait pas \u00e0 qui s\u2019adresser en cas de mal-\u00eatre au travail. Et dans les petites structures, le sujet est encore <span style=\"box-sizing: inherit; margin: var(--artdeco-reset-base-margin-zero); padding: var(--artdeco-reset-base-padding-zero); border: var(--artdeco-reset-base-border-zero); font-size: var(--artdeco-reset-base-font-size-hundred-percent); vertical-align: var(--artdeco-reset-base-vertical-align-baseline); outline: var(--artdeco-reset-base-outline-zero); font-family: var(--artdeco-reset-typography-font-family-sans);\">trop souvent tabou<\/span>.<\/p><hr style=\"box-sizing: inherit; border-right-width: 0px; border-bottom-width: 0px; border-left-width: 0px; border-right-style: none; border-bottom-style: none; border-left-style: none; height: 1px; margin-bottom: var(--spacing-four-x); padding: 0px; border-right-color: rgba(0, 0, 0, 0.15); border-bottom-color: rgba(0, 0, 0, 0.15); border-left-color: rgba(0, 0, 0, 0.15); border-top: solid 1px var(--color-border-faint); font-family: -apple-system, system-ui, BlinkMacSystemFont, 'Segoe UI', Roboto, 'Helvetica Neue', 'Fira Sans', Ubuntu, Oxygen, 'Oxygen Sans', Cantarell, 'Droid Sans', 'Apple Color Emoji', 'Segoe UI Emoji', 'Segoe UI Emoji', 'Segoe UI Symbol', 'Lucida Grande', Helvetica, Arial, sans-serif; width: 584px;\" \/><h3 style=\"box-sizing: inherit; margin-bottom: var(--spacing-two-x); padding: var(--artdeco-reset-base-padding-zero); border: var(--artdeco-reset-base-border-zero); font-size: var(--font-size-xlarge); vertical-align: var(--artdeco-reset-base-vertical-align-baseline); outline: var(--artdeco-reset-base-outline-zero); color: rgba(0, 0, 0, 0.9); line-height: var(--line-height-default); font-family: -apple-system, system-ui, BlinkMacSystemFont, 'Segoe UI', Roboto, 'Helvetica Neue', 'Fira Sans', Ubuntu, Oxygen, 'Oxygen Sans', Cantarell, 'Droid Sans', 'Apple Color Emoji', 'Segoe UI Emoji', 'Segoe UI Emoji', 'Segoe UI Symbol', 'Lucida Grande', Helvetica, Arial, sans-serif; caret-color: rgba(0, 0, 0, 0.9);\">Ce qu\u2019on doit retenir<\/h3><p style=\"box-sizing: inherit; margin-bottom: var(--spacing-four-x); padding: var(--artdeco-reset-base-padding-zero); border: var(--artdeco-reset-base-border-zero); vertical-align: var(--artdeco-reset-base-vertical-align-baseline); line-height: var(--line-height-open); color: rgba(0, 0, 0, 0.9); font-family: -apple-system, system-ui, BlinkMacSystemFont, 'Segoe UI', Roboto, 'Helvetica Neue', 'Fira Sans', Ubuntu, Oxygen, 'Oxygen Sans', Cantarell, 'Droid Sans', 'Apple Color Emoji', 'Segoe UI Emoji', 'Segoe UI Emoji', 'Segoe UI Symbol', 'Lucida Grande', Helvetica, Arial, sans-serif; pointer-events: all; caret-color: rgba(0, 0, 0, 0.9);\">Les RPS ne sont pas une affaire de fragilit\u00e9 personnelle. Ce sont des <span style=\"box-sizing: inherit; margin: var(--artdeco-reset-base-margin-zero); padding: var(--artdeco-reset-base-padding-zero); border: var(--artdeco-reset-base-border-zero); font-size: var(--artdeco-reset-base-font-size-hundred-percent); vertical-align: var(--artdeco-reset-base-vertical-align-baseline); outline: var(--artdeco-reset-base-outline-zero); font-family: var(--artdeco-reset-typography-font-family-sans);\">indicateurs de dysfonctionnements organisationnels<\/span>. Et surtout, ils sont <span style=\"box-sizing: inherit; margin: var(--artdeco-reset-base-margin-zero); padding: var(--artdeco-reset-base-padding-zero); border: var(--artdeco-reset-base-border-zero); font-size: var(--artdeco-reset-base-font-size-hundred-percent); vertical-align: var(--artdeco-reset-base-vertical-align-baseline); outline: var(--artdeco-reset-base-outline-zero); font-family: var(--artdeco-reset-typography-font-family-sans);\">\u00e9vitables<\/span>. \u00c0 condition d\u2019oser en parler, d\u2019oser \u00e9couter, et d\u2019oser agir.<\/p><p style=\"box-sizing: inherit; margin-bottom: var(--spacing-four-x); padding: var(--artdeco-reset-base-padding-zero); border: var(--artdeco-reset-base-border-zero); vertical-align: var(--artdeco-reset-base-vertical-align-baseline); line-height: var(--line-height-open); color: rgba(0, 0, 0, 0.9); font-family: -apple-system, system-ui, BlinkMacSystemFont, 'Segoe UI', Roboto, 'Helvetica Neue', 'Fira Sans', Ubuntu, Oxygen, 'Oxygen Sans', Cantarell, 'Droid Sans', 'Apple Color Emoji', 'Segoe UI Emoji', 'Segoe UI Emoji', 'Segoe UI Symbol', 'Lucida Grande', Helvetica, Arial, sans-serif; pointer-events: all; caret-color: rgba(0, 0, 0, 0.9);\">En s\u2019engageant sinc\u00e8rement sur le sujet, on ne fait pas juste de la pr\u00e9vention. On construit <span style=\"box-sizing: inherit; margin: var(--artdeco-reset-base-margin-zero); padding: var(--artdeco-reset-base-padding-zero); border: var(--artdeco-reset-base-border-zero); font-size: var(--artdeco-reset-base-font-size-hundred-percent); vertical-align: var(--artdeco-reset-base-vertical-align-baseline); outline: var(--artdeco-reset-base-outline-zero); font-family: var(--artdeco-reset-typography-font-family-sans);\">un climat de travail plus sain, plus stable, plus performant<\/span>. Et surtout, <span style=\"box-sizing: inherit; margin: var(--artdeco-reset-base-margin-zero); padding: var(--artdeco-reset-base-padding-zero); border: var(--artdeco-reset-base-border-zero); font-size: var(--artdeco-reset-base-font-size-hundred-percent); vertical-align: var(--artdeco-reset-base-vertical-align-baseline); outline: var(--artdeco-reset-base-outline-zero); font-family: var(--artdeco-reset-typography-font-family-sans);\">plus humain<\/span>.<\/p><p style=\"box-sizing: inherit; margin-bottom: var(--spacing-four-x); padding: var(--artdeco-reset-base-padding-zero); border: var(--artdeco-reset-base-border-zero); vertical-align: var(--artdeco-reset-base-vertical-align-baseline); line-height: var(--line-height-open); color: rgba(0, 0, 0, 0.9); font-family: -apple-system, system-ui, BlinkMacSystemFont, 'Segoe UI', Roboto, 'Helvetica Neue', 'Fira Sans', Ubuntu, Oxygen, 'Oxygen Sans', Cantarell, 'Droid Sans', 'Apple Color Emoji', 'Segoe UI Emoji', 'Segoe UI Emoji', 'Segoe UI Symbol', 'Lucida Grande', Helvetica, Arial, sans-serif; pointer-events: all; caret-color: rgba(0, 0, 0, 0.9);\">Parce que derri\u00e8re chaque signal de mal-\u00eatre, il y a une personne. Et parce que <span style=\"box-sizing: inherit; margin: var(--artdeco-reset-base-margin-zero); padding: var(--artdeco-reset-base-padding-zero); border: var(--artdeco-reset-base-border-zero); font-size: var(--artdeco-reset-base-font-size-hundred-percent); vertical-align: var(--artdeco-reset-base-vertical-align-baseline); outline: var(--artdeco-reset-base-outline-zero); font-family: var(--artdeco-reset-typography-font-family-sans);\">la sant\u00e9 mentale ne peut plus \u00eatre mise entre parenth\u00e8ses<\/span>.<\/p>\t\t\t\t\t\t\t\t<\/div>\n\t\t\t\t<\/div>\n\t\t\t\t\t<\/div>\n\t\t\t\t<\/div>\n\t\t\t\t<\/div>","protected":false},"excerpt":{"rendered":"<p>Depuis quelques ann\u00e9es, on parle de plus en plus des risques psychosociaux (RPS). Mais dans les faits, ils restent encore tr\u00e8s mal compris, souvent minimis\u00e9s, et parfois compl\u00e8tement ignor\u00e9s. Pourtant, ils ont des cons\u00e9quences tr\u00e8s concr\u00e8tes : ils ab\u00eement la sant\u00e9 mentale et physique, ils d\u00e9sorganisent les \u00e9quipes, et ils fragilisent s\u00e9rieusement la performance globale [&hellip;]<\/p>","protected":false},"author":1,"featured_media":2554,"comment_status":"closed","ping_status":"open","sticky":false,"template":"","format":"standard","meta":{"_jetpack_memberships_contains_paid_content":false,"footnotes":""},"categories":[1],"tags":[],"class_list":["post-2553","post","type-post","status-publish","format-standard","has-post-thumbnail","hentry","category-blog"],"yoast_head":"<!-- This site is optimized with the Yoast SEO plugin v25.4 - https:\/\/yoast.com\/wordpress\/plugins\/seo\/ -->\n<title>RISKWATCH #8 Bulling, burn-out, bore-out : comprendre (vraiment) les risques psychosociaux pour mieux les pr\u00e9venir - OFSIP<\/title>\n<meta name=\"robots\" content=\"index, follow, max-snippet:-1, max-image-preview:large, max-video-preview:-1\" \/>\n<link rel=\"canonical\" href=\"https:\/\/ofsip.lu\/en\/riskwatch-8-bulling-burn-out-bore-out-comprendre-vraiment-les-risques-psychosociaux-pour-mieux-les-prevenir\/\" \/>\n<meta property=\"og:locale\" content=\"en_GB\" \/>\n<meta property=\"og:type\" content=\"article\" \/>\n<meta property=\"og:title\" content=\"RISKWATCH #8 Bulling, burn-out, bore-out : comprendre (vraiment) les risques psychosociaux pour mieux les pr\u00e9venir - OFSIP\" \/>\n<meta property=\"og:description\" content=\"Depuis quelques ann\u00e9es, on parle de plus en plus des risques psychosociaux (RPS). Mais dans les faits, ils restent encore tr\u00e8s mal compris, souvent minimis\u00e9s, et parfois compl\u00e8tement ignor\u00e9s. Pourtant, ils ont des cons\u00e9quences tr\u00e8s concr\u00e8tes : ils ab\u00eement la sant\u00e9 mentale et physique, ils d\u00e9sorganisent les \u00e9quipes, et ils fragilisent s\u00e9rieusement la performance globale [&hellip;]\" \/>\n<meta property=\"og:url\" content=\"https:\/\/ofsip.lu\/en\/riskwatch-8-bulling-burn-out-bore-out-comprendre-vraiment-les-risques-psychosociaux-pour-mieux-les-prevenir\/\" \/>\n<meta property=\"og:site_name\" content=\"OFSIP\" \/>\n<meta property=\"article:published_time\" content=\"2025-07-23T11:50:40+00:00\" \/>\n<meta property=\"article:modified_time\" content=\"2025-07-23T11:52:00+00:00\" \/>\n<meta property=\"og:image\" content=\"https:\/\/ofsip.lu\/wp-content\/uploads\/2025\/07\/8-1.png\" \/>\n\t<meta property=\"og:image:width\" content=\"1280\" \/>\n\t<meta property=\"og:image:height\" content=\"720\" \/>\n\t<meta property=\"og:image:type\" content=\"image\/png\" \/>\n<meta name=\"author\" content=\"S\u00e9bastien\" \/>\n<meta name=\"twitter:card\" content=\"summary_large_image\" \/>\n<meta name=\"twitter:label1\" content=\"Written by\" \/>\n\t<meta name=\"twitter:data1\" content=\"S\u00e9bastien\" \/>\n\t<meta name=\"twitter:label2\" content=\"Estimated reading time\" \/>\n\t<meta name=\"twitter:data2\" content=\"5 minutes\" \/>\n<script type=\"application\/ld+json\" class=\"yoast-schema-graph\">{\"@context\":\"https:\/\/schema.org\",\"@graph\":[{\"@type\":\"Article\",\"@id\":\"https:\/\/ofsip.lu\/riskwatch-8-bulling-burn-out-bore-out-comprendre-vraiment-les-risques-psychosociaux-pour-mieux-les-prevenir\/#article\",\"isPartOf\":{\"@id\":\"https:\/\/ofsip.lu\/riskwatch-8-bulling-burn-out-bore-out-comprendre-vraiment-les-risques-psychosociaux-pour-mieux-les-prevenir\/\"},\"author\":{\"name\":\"S\u00e9bastien\",\"@id\":\"https:\/\/ofsip.lu\/#\/schema\/person\/f67b0e39696714296557c2ceff8435d8\"},\"headline\":\"RISKWATCH #8 Bulling, burn-out, bore-out : comprendre (vraiment) les risques psychosociaux pour mieux les pr\u00e9venir\",\"datePublished\":\"2025-07-23T11:50:40+00:00\",\"dateModified\":\"2025-07-23T11:52:00+00:00\",\"mainEntityOfPage\":{\"@id\":\"https:\/\/ofsip.lu\/riskwatch-8-bulling-burn-out-bore-out-comprendre-vraiment-les-risques-psychosociaux-pour-mieux-les-prevenir\/\"},\"wordCount\":1229,\"publisher\":{\"@id\":\"https:\/\/ofsip.lu\/#organization\"},\"image\":{\"@id\":\"https:\/\/ofsip.lu\/riskwatch-8-bulling-burn-out-bore-out-comprendre-vraiment-les-risques-psychosociaux-pour-mieux-les-prevenir\/#primaryimage\"},\"thumbnailUrl\":\"https:\/\/ofsip.lu\/wp-content\/uploads\/2025\/07\/8-1.png\",\"articleSection\":[\"Blog\"],\"inLanguage\":\"en-GB\"},{\"@type\":\"WebPage\",\"@id\":\"https:\/\/ofsip.lu\/riskwatch-8-bulling-burn-out-bore-out-comprendre-vraiment-les-risques-psychosociaux-pour-mieux-les-prevenir\/\",\"url\":\"https:\/\/ofsip.lu\/riskwatch-8-bulling-burn-out-bore-out-comprendre-vraiment-les-risques-psychosociaux-pour-mieux-les-prevenir\/\",\"name\":\"RISKWATCH #8 Bulling, burn-out, bore-out : comprendre (vraiment) les risques psychosociaux pour mieux les pr\u00e9venir - OFSIP\",\"isPartOf\":{\"@id\":\"https:\/\/ofsip.lu\/#website\"},\"primaryImageOfPage\":{\"@id\":\"https:\/\/ofsip.lu\/riskwatch-8-bulling-burn-out-bore-out-comprendre-vraiment-les-risques-psychosociaux-pour-mieux-les-prevenir\/#primaryimage\"},\"image\":{\"@id\":\"https:\/\/ofsip.lu\/riskwatch-8-bulling-burn-out-bore-out-comprendre-vraiment-les-risques-psychosociaux-pour-mieux-les-prevenir\/#primaryimage\"},\"thumbnailUrl\":\"https:\/\/ofsip.lu\/wp-content\/uploads\/2025\/07\/8-1.png\",\"datePublished\":\"2025-07-23T11:50:40+00:00\",\"dateModified\":\"2025-07-23T11:52:00+00:00\",\"breadcrumb\":{\"@id\":\"https:\/\/ofsip.lu\/riskwatch-8-bulling-burn-out-bore-out-comprendre-vraiment-les-risques-psychosociaux-pour-mieux-les-prevenir\/#breadcrumb\"},\"inLanguage\":\"en-GB\",\"potentialAction\":[{\"@type\":\"ReadAction\",\"target\":[\"https:\/\/ofsip.lu\/riskwatch-8-bulling-burn-out-bore-out-comprendre-vraiment-les-risques-psychosociaux-pour-mieux-les-prevenir\/\"]}]},{\"@type\":\"ImageObject\",\"inLanguage\":\"en-GB\",\"@id\":\"https:\/\/ofsip.lu\/riskwatch-8-bulling-burn-out-bore-out-comprendre-vraiment-les-risques-psychosociaux-pour-mieux-les-prevenir\/#primaryimage\",\"url\":\"https:\/\/ofsip.lu\/wp-content\/uploads\/2025\/07\/8-1.png\",\"contentUrl\":\"https:\/\/ofsip.lu\/wp-content\/uploads\/2025\/07\/8-1.png\",\"width\":1280,\"height\":720},{\"@type\":\"BreadcrumbList\",\"@id\":\"https:\/\/ofsip.lu\/riskwatch-8-bulling-burn-out-bore-out-comprendre-vraiment-les-risques-psychosociaux-pour-mieux-les-prevenir\/#breadcrumb\",\"itemListElement\":[{\"@type\":\"ListItem\",\"position\":1,\"name\":\"Home\",\"item\":\"https:\/\/ofsip.lu\/\"},{\"@type\":\"ListItem\",\"position\":2,\"name\":\"RISKWATCH #8 Bulling, burn-out, bore-out : comprendre (vraiment) les risques psychosociaux pour mieux les pr\u00e9venir\"}]},{\"@type\":\"WebSite\",\"@id\":\"https:\/\/ofsip.lu\/#website\",\"url\":\"https:\/\/ofsip.lu\/\",\"name\":\"OFSIP\",\"description\":\"S\u00e9curiser l&#039;humain, renforcer l&#039;entreprise\",\"publisher\":{\"@id\":\"https:\/\/ofsip.lu\/#organization\"},\"potentialAction\":[{\"@type\":\"SearchAction\",\"target\":{\"@type\":\"EntryPoint\",\"urlTemplate\":\"https:\/\/ofsip.lu\/?s={search_term_string}\"},\"query-input\":{\"@type\":\"PropertyValueSpecification\",\"valueRequired\":true,\"valueName\":\"search_term_string\"}}],\"inLanguage\":\"en-GB\"},{\"@type\":\"Organization\",\"@id\":\"https:\/\/ofsip.lu\/#organization\",\"name\":\"OFSIP\",\"url\":\"https:\/\/ofsip.lu\/\",\"logo\":{\"@type\":\"ImageObject\",\"inLanguage\":\"en-GB\",\"@id\":\"https:\/\/ofsip.lu\/#\/schema\/logo\/image\/\",\"url\":\"https:\/\/ofsip.lu\/wp-content\/uploads\/2025\/07\/Logo-OFSIP-Color-sans-detail.png\",\"contentUrl\":\"https:\/\/ofsip.lu\/wp-content\/uploads\/2025\/07\/Logo-OFSIP-Color-sans-detail.png\",\"width\":486,\"height\":460,\"caption\":\"OFSIP\"},\"image\":{\"@id\":\"https:\/\/ofsip.lu\/#\/schema\/logo\/image\/\"}},{\"@type\":\"Person\",\"@id\":\"https:\/\/ofsip.lu\/#\/schema\/person\/f67b0e39696714296557c2ceff8435d8\",\"name\":\"S\u00e9bastien\",\"sameAs\":[\"https:\/\/ofsip.lu\",\"https:\/\/www.linkedin.com\/com\/entreprise\/ofsipsarl\/\"],\"url\":\"https:\/\/ofsip.lu\/en\/author\/sebastian\/\"}]}<\/script>\n<!-- \/ Yoast SEO plugin. -->","yoast_head_json":{"title":"RISKWATCH #8 Bulling, burn-out, bore-out : comprendre (vraiment) les risques psychosociaux pour mieux les pr\u00e9venir - OFSIP","robots":{"index":"index","follow":"follow","max-snippet":"max-snippet:-1","max-image-preview":"max-image-preview:large","max-video-preview":"max-video-preview:-1"},"canonical":"https:\/\/ofsip.lu\/en\/riskwatch-8-bulling-burn-out-bore-out-comprendre-vraiment-les-risques-psychosociaux-pour-mieux-les-prevenir\/","og_locale":"en_GB","og_type":"article","og_title":"RISKWATCH #8 Bulling, burn-out, bore-out : comprendre (vraiment) les risques psychosociaux pour mieux les pr\u00e9venir - OFSIP","og_description":"Depuis quelques ann\u00e9es, on parle de plus en plus des risques psychosociaux (RPS). Mais dans les faits, ils restent encore tr\u00e8s mal compris, souvent minimis\u00e9s, et parfois compl\u00e8tement ignor\u00e9s. Pourtant, ils ont des cons\u00e9quences tr\u00e8s concr\u00e8tes : ils ab\u00eement la sant\u00e9 mentale et physique, ils d\u00e9sorganisent les \u00e9quipes, et ils fragilisent s\u00e9rieusement la performance globale [&hellip;]","og_url":"https:\/\/ofsip.lu\/en\/riskwatch-8-bulling-burn-out-bore-out-comprendre-vraiment-les-risques-psychosociaux-pour-mieux-les-prevenir\/","og_site_name":"OFSIP","article_published_time":"2025-07-23T11:50:40+00:00","article_modified_time":"2025-07-23T11:52:00+00:00","og_image":[{"width":1280,"height":720,"url":"https:\/\/ofsip.lu\/wp-content\/uploads\/2025\/07\/8-1.png","type":"image\/png"}],"author":"S\u00e9bastien","twitter_card":"summary_large_image","twitter_misc":{"Written by":"S\u00e9bastien","Estimated reading time":"5 minutes"},"schema":{"@context":"https:\/\/schema.org","@graph":[{"@type":"Article","@id":"https:\/\/ofsip.lu\/riskwatch-8-bulling-burn-out-bore-out-comprendre-vraiment-les-risques-psychosociaux-pour-mieux-les-prevenir\/#article","isPartOf":{"@id":"https:\/\/ofsip.lu\/riskwatch-8-bulling-burn-out-bore-out-comprendre-vraiment-les-risques-psychosociaux-pour-mieux-les-prevenir\/"},"author":{"name":"S\u00e9bastien","@id":"https:\/\/ofsip.lu\/#\/schema\/person\/f67b0e39696714296557c2ceff8435d8"},"headline":"RISKWATCH #8 Bulling, burn-out, bore-out : comprendre (vraiment) les risques psychosociaux pour mieux les pr\u00e9venir","datePublished":"2025-07-23T11:50:40+00:00","dateModified":"2025-07-23T11:52:00+00:00","mainEntityOfPage":{"@id":"https:\/\/ofsip.lu\/riskwatch-8-bulling-burn-out-bore-out-comprendre-vraiment-les-risques-psychosociaux-pour-mieux-les-prevenir\/"},"wordCount":1229,"publisher":{"@id":"https:\/\/ofsip.lu\/#organization"},"image":{"@id":"https:\/\/ofsip.lu\/riskwatch-8-bulling-burn-out-bore-out-comprendre-vraiment-les-risques-psychosociaux-pour-mieux-les-prevenir\/#primaryimage"},"thumbnailUrl":"https:\/\/ofsip.lu\/wp-content\/uploads\/2025\/07\/8-1.png","articleSection":["Blog"],"inLanguage":"en-GB"},{"@type":"WebPage","@id":"https:\/\/ofsip.lu\/riskwatch-8-bulling-burn-out-bore-out-comprendre-vraiment-les-risques-psychosociaux-pour-mieux-les-prevenir\/","url":"https:\/\/ofsip.lu\/riskwatch-8-bulling-burn-out-bore-out-comprendre-vraiment-les-risques-psychosociaux-pour-mieux-les-prevenir\/","name":"RISKWATCH #8 Bulling, burn-out, bore-out : comprendre (vraiment) les risques psychosociaux pour mieux les pr\u00e9venir - OFSIP","isPartOf":{"@id":"https:\/\/ofsip.lu\/#website"},"primaryImageOfPage":{"@id":"https:\/\/ofsip.lu\/riskwatch-8-bulling-burn-out-bore-out-comprendre-vraiment-les-risques-psychosociaux-pour-mieux-les-prevenir\/#primaryimage"},"image":{"@id":"https:\/\/ofsip.lu\/riskwatch-8-bulling-burn-out-bore-out-comprendre-vraiment-les-risques-psychosociaux-pour-mieux-les-prevenir\/#primaryimage"},"thumbnailUrl":"https:\/\/ofsip.lu\/wp-content\/uploads\/2025\/07\/8-1.png","datePublished":"2025-07-23T11:50:40+00:00","dateModified":"2025-07-23T11:52:00+00:00","breadcrumb":{"@id":"https:\/\/ofsip.lu\/riskwatch-8-bulling-burn-out-bore-out-comprendre-vraiment-les-risques-psychosociaux-pour-mieux-les-prevenir\/#breadcrumb"},"inLanguage":"en-GB","potentialAction":[{"@type":"ReadAction","target":["https:\/\/ofsip.lu\/riskwatch-8-bulling-burn-out-bore-out-comprendre-vraiment-les-risques-psychosociaux-pour-mieux-les-prevenir\/"]}]},{"@type":"ImageObject","inLanguage":"en-GB","@id":"https:\/\/ofsip.lu\/riskwatch-8-bulling-burn-out-bore-out-comprendre-vraiment-les-risques-psychosociaux-pour-mieux-les-prevenir\/#primaryimage","url":"https:\/\/ofsip.lu\/wp-content\/uploads\/2025\/07\/8-1.png","contentUrl":"https:\/\/ofsip.lu\/wp-content\/uploads\/2025\/07\/8-1.png","width":1280,"height":720},{"@type":"BreadcrumbList","@id":"https:\/\/ofsip.lu\/riskwatch-8-bulling-burn-out-bore-out-comprendre-vraiment-les-risques-psychosociaux-pour-mieux-les-prevenir\/#breadcrumb","itemListElement":[{"@type":"ListItem","position":1,"name":"Home","item":"https:\/\/ofsip.lu\/"},{"@type":"ListItem","position":2,"name":"RISKWATCH #8 Bulling, burn-out, bore-out : comprendre (vraiment) les risques psychosociaux pour mieux les pr\u00e9venir"}]},{"@type":"WebSite","@id":"https:\/\/ofsip.lu\/#website","url":"https:\/\/ofsip.lu\/","name":"OFSIP","description":"S\u00e9curiser l&#039;humain, renforcer l&#039;entreprise","publisher":{"@id":"https:\/\/ofsip.lu\/#organization"},"potentialAction":[{"@type":"SearchAction","target":{"@type":"EntryPoint","urlTemplate":"https:\/\/ofsip.lu\/?s={search_term_string}"},"query-input":{"@type":"PropertyValueSpecification","valueRequired":true,"valueName":"search_term_string"}}],"inLanguage":"en-GB"},{"@type":"Organization","@id":"https:\/\/ofsip.lu\/#organization","name":"OFSIP","url":"https:\/\/ofsip.lu\/","logo":{"@type":"ImageObject","inLanguage":"en-GB","@id":"https:\/\/ofsip.lu\/#\/schema\/logo\/image\/","url":"https:\/\/ofsip.lu\/wp-content\/uploads\/2025\/07\/Logo-OFSIP-Color-sans-detail.png","contentUrl":"https:\/\/ofsip.lu\/wp-content\/uploads\/2025\/07\/Logo-OFSIP-Color-sans-detail.png","width":486,"height":460,"caption":"OFSIP"},"image":{"@id":"https:\/\/ofsip.lu\/#\/schema\/logo\/image\/"}},{"@type":"Person","@id":"https:\/\/ofsip.lu\/#\/schema\/person\/f67b0e39696714296557c2ceff8435d8","name":"S\u00e9bastien","sameAs":["https:\/\/ofsip.lu","https:\/\/www.linkedin.com\/com\/entreprise\/ofsipsarl\/"],"url":"https:\/\/ofsip.lu\/en\/author\/sebastian\/"}]}},"jetpack_featured_media_url":"https:\/\/ofsip.lu\/wp-content\/uploads\/2025\/07\/8-1.png","jetpack_sharing_enabled":true,"_links":{"self":[{"href":"https:\/\/ofsip.lu\/en\/wp-json\/wp\/v2\/posts\/2553","targetHints":{"allow":["GET"]}}],"collection":[{"href":"https:\/\/ofsip.lu\/en\/wp-json\/wp\/v2\/posts"}],"about":[{"href":"https:\/\/ofsip.lu\/en\/wp-json\/wp\/v2\/types\/post"}],"author":[{"embeddable":true,"href":"https:\/\/ofsip.lu\/en\/wp-json\/wp\/v2\/users\/1"}],"replies":[{"embeddable":true,"href":"https:\/\/ofsip.lu\/en\/wp-json\/wp\/v2\/comments?post=2553"}],"version-history":[{"count":4,"href":"https:\/\/ofsip.lu\/en\/wp-json\/wp\/v2\/posts\/2553\/revisions"}],"predecessor-version":[{"id":2558,"href":"https:\/\/ofsip.lu\/en\/wp-json\/wp\/v2\/posts\/2553\/revisions\/2558"}],"wp:featuredmedia":[{"embeddable":true,"href":"https:\/\/ofsip.lu\/en\/wp-json\/wp\/v2\/media\/2554"}],"wp:attachment":[{"href":"https:\/\/ofsip.lu\/en\/wp-json\/wp\/v2\/media?parent=2553"}],"wp:term":[{"taxonomy":"category","embeddable":true,"href":"https:\/\/ofsip.lu\/en\/wp-json\/wp\/v2\/categories?post=2553"},{"taxonomy":"post_tag","embeddable":true,"href":"https:\/\/ofsip.lu\/en\/wp-json\/wp\/v2\/tags?post=2553"}],"curies":[{"name":"wp","href":"https:\/\/api.w.org\/{rel}","templated":true}]}}