{"id":2601,"date":"2025-07-23T12:20:24","date_gmt":"2025-07-23T12:20:24","guid":{"rendered":"https:\/\/ofsip.lu\/?p=2601"},"modified":"2025-07-23T12:21:31","modified_gmt":"2025-07-23T12:21:31","slug":"riskwatch-16-accident-de-trajet-un-risque-sous-estime-mais-bien-reel","status":"publish","type":"post","link":"https:\/\/ofsip.lu\/en\/riskwatch-16-accident-de-trajet-un-risque-sous-estime-mais-bien-reel\/","title":{"rendered":"RISKWATCH #16 \u2013 Accident de trajet : un risque sous-estim\u00e9, mais bien r\u00e9el"},"content":{"rendered":"<div data-elementor-type=\"wp-post\" data-elementor-id=\"2601\" class=\"elementor elementor-2601\" data-elementor-post-type=\"post\">\n\t\t\t\t<div class=\"elementor-element elementor-element-592b9f8 e-flex e-con-boxed e-con e-parent\" data-id=\"592b9f8\" data-element_type=\"container\">\n\t\t\t\t\t<div class=\"e-con-inner\">\n\t\t\t\t<div class=\"elementor-element elementor-element-f8fde5b elementor-widget elementor-widget-image\" data-id=\"f8fde5b\" data-element_type=\"widget\" data-widget_type=\"image.default\">\n\t\t\t\t<div class=\"elementor-widget-container\">\n\t\t\t\t\t\t\t\t\t\t\t\t\t\t\t<img fetchpriority=\"high\" decoding=\"async\" width=\"800\" height=\"450\" src=\"https:\/\/ofsip.lu\/wp-content\/uploads\/2025\/07\/16-1024x576.png\" class=\"attachment-large size-large wp-image-2602\" alt=\"\" srcset=\"https:\/\/ofsip.lu\/wp-content\/uploads\/2025\/07\/16-1024x576.png 1024w, https:\/\/ofsip.lu\/wp-content\/uploads\/2025\/07\/16-300x169.png 300w, https:\/\/ofsip.lu\/wp-content\/uploads\/2025\/07\/16-768x432.png 768w, https:\/\/ofsip.lu\/wp-content\/uploads\/2025\/07\/16-18x10.png 18w, https:\/\/ofsip.lu\/wp-content\/uploads\/2025\/07\/16.png 1280w\" sizes=\"(max-width: 800px) 100vw, 800px\" \/>\t\t\t\t\t\t\t\t\t\t\t\t\t\t\t<\/div>\n\t\t\t\t<\/div>\n\t\t\t\t\t<\/div>\n\t\t\t\t<\/div>\n\t\t<div class=\"elementor-element elementor-element-876ac21 e-flex e-con-boxed e-con e-parent\" data-id=\"876ac21\" data-element_type=\"container\">\n\t\t\t\t\t<div class=\"e-con-inner\">\n\t\t\t\t<div class=\"elementor-element elementor-element-e289d34 elementor-widget elementor-widget-text-editor\" data-id=\"e289d34\" data-element_type=\"widget\" data-widget_type=\"text-editor.default\">\n\t\t\t\t<div class=\"elementor-widget-container\">\n\t\t\t\t\t\t\t\t\t<p style=\"box-sizing: inherit; margin-bottom: var(--spacing-four-x); padding: var(--artdeco-reset-base-padding-zero); border: var(--artdeco-reset-base-border-zero); vertical-align: var(--artdeco-reset-base-vertical-align-baseline); line-height: var(--line-height-open); color: rgba(0, 0, 0, 0.9); font-family: -apple-system, system-ui, BlinkMacSystemFont, 'Segoe UI', Roboto, 'Helvetica Neue', 'Fira Sans', Ubuntu, Oxygen, 'Oxygen Sans', Cantarell, 'Droid Sans', 'Apple Color Emoji', 'Segoe UI Emoji', 'Segoe UI Emoji', 'Segoe UI Symbol', 'Lucida Grande', Helvetica, Arial, sans-serif; pointer-events: all; caret-color: rgba(0, 0, 0, 0.9);\">Chaque jour, des milliers de salari\u00e9s luxembourgeois prennent la route pour rejoindre leur lieu de travail. Voiture, bus, v\u00e9lo, trottinette, ou m\u00eame \u00e0 pied : tous ces trajets ont un point commun souvent ignor\u00e9, ils sont juridiquement et statistiquement reconnus comme une phase \u00e0 risque, pouvant donner lieu \u00e0 un <span style=\"box-sizing: inherit; margin: var(--artdeco-reset-base-margin-zero); padding: var(--artdeco-reset-base-padding-zero); border: var(--artdeco-reset-base-border-zero); font-size: var(--artdeco-reset-base-font-size-hundred-percent); vertical-align: var(--artdeco-reset-base-vertical-align-baseline); outline: var(--artdeco-reset-base-outline-zero); font-family: var(--artdeco-reset-typography-font-family-sans);\">accident de trajet<\/span>. Et les chiffres parlent d\u2019eux-m\u00eames.<\/p><p style=\"box-sizing: inherit; margin-bottom: var(--spacing-four-x); padding: var(--artdeco-reset-base-padding-zero); border: var(--artdeco-reset-base-border-zero); vertical-align: var(--artdeco-reset-base-vertical-align-baseline); line-height: var(--line-height-open); color: rgba(0, 0, 0, 0.9); font-family: -apple-system, system-ui, BlinkMacSystemFont, 'Segoe UI', Roboto, 'Helvetica Neue', 'Fira Sans', Ubuntu, Oxygen, 'Oxygen Sans', Cantarell, 'Droid Sans', 'Apple Color Emoji', 'Segoe UI Emoji', 'Segoe UI Emoji', 'Segoe UI Symbol', 'Lucida Grande', Helvetica, Arial, sans-serif; pointer-events: all; caret-color: rgba(0, 0, 0, 0.9);\">\u00a0<\/p><h3 style=\"box-sizing: inherit; margin-bottom: var(--spacing-two-x); padding: var(--artdeco-reset-base-padding-zero); border: var(--artdeco-reset-base-border-zero); font-size: var(--font-size-xlarge); vertical-align: var(--artdeco-reset-base-vertical-align-baseline); outline: var(--artdeco-reset-base-outline-zero); color: rgba(0, 0, 0, 0.9); line-height: var(--line-height-default); font-family: -apple-system, system-ui, BlinkMacSystemFont, 'Segoe UI', Roboto, 'Helvetica Neue', 'Fira Sans', Ubuntu, Oxygen, 'Oxygen Sans', Cantarell, 'Droid Sans', 'Apple Color Emoji', 'Segoe UI Emoji', 'Segoe UI Emoji', 'Segoe UI Symbol', 'Lucida Grande', Helvetica, Arial, sans-serif; caret-color: rgba(0, 0, 0, 0.9);\">Un constat pr\u00e9occupant<\/h3><p style=\"box-sizing: inherit; margin-bottom: var(--spacing-four-x); padding: var(--artdeco-reset-base-padding-zero); border: var(--artdeco-reset-base-border-zero); vertical-align: var(--artdeco-reset-base-vertical-align-baseline); line-height: var(--line-height-open); color: rgba(0, 0, 0, 0.9); font-family: -apple-system, system-ui, BlinkMacSystemFont, 'Segoe UI', Roboto, 'Helvetica Neue', 'Fira Sans', Ubuntu, Oxygen, 'Oxygen Sans', Cantarell, 'Droid Sans', 'Apple Color Emoji', 'Segoe UI Emoji', 'Segoe UI Emoji', 'Segoe UI Symbol', 'Lucida Grande', Helvetica, Arial, sans-serif; pointer-events: all; caret-color: rgba(0, 0, 0, 0.9);\">Selon les <span style=\"box-sizing: inherit; margin: var(--artdeco-reset-base-margin-zero); padding: var(--artdeco-reset-base-padding-zero); border: var(--artdeco-reset-base-border-zero); font-size: var(--artdeco-reset-base-font-size-hundred-percent); vertical-align: var(--artdeco-reset-base-vertical-align-baseline); outline: var(--artdeco-reset-base-outline-zero); font-family: var(--artdeco-reset-typography-font-family-sans);\">donn\u00e9es officielles de la AAA (Association d\u2019Assurance Accident)<\/span>, le Luxembourg a enregistr\u00e9 <span style=\"box-sizing: inherit; margin: var(--artdeco-reset-base-margin-zero); padding: var(--artdeco-reset-base-padding-zero); border: var(--artdeco-reset-base-border-zero); font-size: var(--artdeco-reset-base-font-size-hundred-percent); vertical-align: var(--artdeco-reset-base-vertical-align-baseline); outline: var(--artdeco-reset-base-outline-zero); font-family: var(--artdeco-reset-typography-font-family-sans);\">3 003 accidents de trajet en 2023<\/span>. Ce chiffre repr\u00e9sente pr\u00e8s de <span style=\"box-sizing: inherit; margin: var(--artdeco-reset-base-margin-zero); padding: var(--artdeco-reset-base-padding-zero); border: var(--artdeco-reset-base-border-zero); font-size: var(--artdeco-reset-base-font-size-hundred-percent); vertical-align: var(--artdeco-reset-base-vertical-align-baseline); outline: var(--artdeco-reset-base-outline-zero); font-family: var(--artdeco-reset-typography-font-family-sans);\">17 %<\/span> du total des d\u00e9clarations d\u2019accidents professionnels (17 409 incidents au total, dont 14 273 li\u00e9s \u00e0 l\u2019activit\u00e9 de travail elle-m\u00eame).<\/p><p style=\"box-sizing: inherit; margin-bottom: var(--spacing-four-x); padding: var(--artdeco-reset-base-padding-zero); border: var(--artdeco-reset-base-border-zero); vertical-align: var(--artdeco-reset-base-vertical-align-baseline); line-height: var(--line-height-open); color: rgba(0, 0, 0, 0.9); font-family: -apple-system, system-ui, BlinkMacSystemFont, 'Segoe UI', Roboto, 'Helvetica Neue', 'Fira Sans', Ubuntu, Oxygen, 'Oxygen Sans', Cantarell, 'Droid Sans', 'Apple Color Emoji', 'Segoe UI Emoji', 'Segoe UI Emoji', 'Segoe UI Symbol', 'Lucida Grande', Helvetica, Arial, sans-serif; pointer-events: all; caret-color: rgba(0, 0, 0, 0.9);\">Ce que ces statistiques r\u00e9v\u00e8lent, c\u2019est que le risque ne commence pas \u00e0 la porte de l\u2019entreprise, mais bien avant. Et trop souvent, on l\u2019oublie. Or, dans les faits, un accident survenu en se rendant ou en repartant du travail peut avoir des cons\u00e9quences aussi lourdes qu\u2019un accident sur site, pour le salari\u00e9, pour l\u2019entreprise, et pour la collectivit\u00e9.<\/p><p style=\"box-sizing: inherit; margin-bottom: var(--spacing-four-x); padding: var(--artdeco-reset-base-padding-zero); border: var(--artdeco-reset-base-border-zero); vertical-align: var(--artdeco-reset-base-vertical-align-baseline); line-height: var(--line-height-open); color: rgba(0, 0, 0, 0.9); font-family: -apple-system, system-ui, BlinkMacSystemFont, 'Segoe UI', Roboto, 'Helvetica Neue', 'Fira Sans', Ubuntu, Oxygen, 'Oxygen Sans', Cantarell, 'Droid Sans', 'Apple Color Emoji', 'Segoe UI Emoji', 'Segoe UI Emoji', 'Segoe UI Symbol', 'Lucida Grande', Helvetica, Arial, sans-serif; pointer-events: all; caret-color: rgba(0, 0, 0, 0.9);\">\u00a0<\/p><h3 style=\"box-sizing: inherit; margin-bottom: var(--spacing-two-x); padding: var(--artdeco-reset-base-padding-zero); border: var(--artdeco-reset-base-border-zero); font-size: var(--font-size-xlarge); vertical-align: var(--artdeco-reset-base-vertical-align-baseline); outline: var(--artdeco-reset-base-outline-zero); color: rgba(0, 0, 0, 0.9); line-height: var(--line-height-default); font-family: -apple-system, system-ui, BlinkMacSystemFont, 'Segoe UI', Roboto, 'Helvetica Neue', 'Fira Sans', Ubuntu, Oxygen, 'Oxygen Sans', Cantarell, 'Droid Sans', 'Apple Color Emoji', 'Segoe UI Emoji', 'Segoe UI Emoji', 'Segoe UI Symbol', 'Lucida Grande', Helvetica, Arial, sans-serif; caret-color: rgba(0, 0, 0, 0.9);\">D\u00e9finition juridique et reconnaissance<\/h3><p style=\"box-sizing: inherit; margin-bottom: var(--spacing-four-x); padding: var(--artdeco-reset-base-padding-zero); border: var(--artdeco-reset-base-border-zero); vertical-align: var(--artdeco-reset-base-vertical-align-baseline); line-height: var(--line-height-open); color: rgba(0, 0, 0, 0.9); font-family: -apple-system, system-ui, BlinkMacSystemFont, 'Segoe UI', Roboto, 'Helvetica Neue', 'Fira Sans', Ubuntu, Oxygen, 'Oxygen Sans', Cantarell, 'Droid Sans', 'Apple Color Emoji', 'Segoe UI Emoji', 'Segoe UI Emoji', 'Segoe UI Symbol', 'Lucida Grande', Helvetica, Arial, sans-serif; pointer-events: all; caret-color: rgba(0, 0, 0, 0.9);\">Au Luxembourg, l\u2019accident de trajet est <span style=\"box-sizing: inherit; margin: var(--artdeco-reset-base-margin-zero); padding: var(--artdeco-reset-base-padding-zero); border: var(--artdeco-reset-base-border-zero); font-size: var(--artdeco-reset-base-font-size-hundred-percent); vertical-align: var(--artdeco-reset-base-vertical-align-baseline); outline: var(--artdeco-reset-base-outline-zero); font-family: var(--artdeco-reset-typography-font-family-sans);\">pleinement reconnu par l\u2019Association d\u2019Assurance Accident (AAA)<\/span> comme une sous-cat\u00e9gorie des accidents professionnels. Il s\u2019agit d\u2019un accident survenu pendant le <span style=\"box-sizing: inherit; margin: var(--artdeco-reset-base-margin-zero); padding: var(--artdeco-reset-base-padding-zero); border: var(--artdeco-reset-base-border-zero); font-size: var(--artdeco-reset-base-font-size-hundred-percent); vertical-align: var(--artdeco-reset-base-vertical-align-baseline); outline: var(--artdeco-reset-base-outline-zero); font-family: var(--artdeco-reset-typography-font-family-sans);\">trajet normal entre le domicile principal ou secondaire du salari\u00e9 et son lieu de travail<\/span>, que ce soit \u00e0 l\u2019aller ou au retour. Ce trajet peut \u00e9galement inclure les d\u00e9tours n\u00e9cessaires et justifi\u00e9s, comme <span style=\"box-sizing: inherit; margin: var(--artdeco-reset-base-margin-zero); padding: var(--artdeco-reset-base-padding-zero); border: var(--artdeco-reset-base-border-zero); font-size: var(--artdeco-reset-base-font-size-hundred-percent); vertical-align: var(--artdeco-reset-base-vertical-align-baseline); outline: var(--artdeco-reset-base-outline-zero); font-family: var(--artdeco-reset-typography-font-family-sans);\">le d\u00e9p\u00f4t ou la r\u00e9cup\u00e9ration d\u2019un enfant \u00e0 l\u2019\u00e9cole ou \u00e0 la cr\u00e8che<\/span>, ou encore <span style=\"box-sizing: inherit; margin: var(--artdeco-reset-base-margin-zero); padding: var(--artdeco-reset-base-padding-zero); border: var(--artdeco-reset-base-border-zero); font-size: var(--artdeco-reset-base-font-size-hundred-percent); vertical-align: var(--artdeco-reset-base-vertical-align-baseline); outline: var(--artdeco-reset-base-outline-zero); font-family: var(--artdeco-reset-typography-font-family-sans);\">un passage par le restaurant d\u2019entreprise<\/span> pour les repas.<\/p><p style=\"box-sizing: inherit; margin-bottom: var(--spacing-four-x); padding: var(--artdeco-reset-base-padding-zero); border: var(--artdeco-reset-base-border-zero); vertical-align: var(--artdeco-reset-base-vertical-align-baseline); line-height: var(--line-height-open); color: rgba(0, 0, 0, 0.9); font-family: -apple-system, system-ui, BlinkMacSystemFont, 'Segoe UI', Roboto, 'Helvetica Neue', 'Fira Sans', Ubuntu, Oxygen, 'Oxygen Sans', Cantarell, 'Droid Sans', 'Apple Color Emoji', 'Segoe UI Emoji', 'Segoe UI Emoji', 'Segoe UI Symbol', 'Lucida Grande', Helvetica, Arial, sans-serif; pointer-events: all; caret-color: rgba(0, 0, 0, 0.9);\">Pour \u00eatre reconnu comme tel, le trajet doit \u00eatre <span style=\"box-sizing: inherit; margin: var(--artdeco-reset-base-margin-zero); padding: var(--artdeco-reset-base-padding-zero); border: var(--artdeco-reset-base-border-zero); font-size: var(--artdeco-reset-base-font-size-hundred-percent); vertical-align: var(--artdeco-reset-base-vertical-align-baseline); outline: var(--artdeco-reset-base-outline-zero); font-family: var(--artdeco-reset-typography-font-family-sans);\">continu, direct, et accompli dans un laps de temps raisonnable<\/span>. Toute interruption prolong\u00e9e ou d\u00e9tour injustifi\u00e9 peut faire perdre la qualification d\u2019accident de trajet.<\/p><p style=\"box-sizing: inherit; margin-bottom: var(--spacing-four-x); padding: var(--artdeco-reset-base-padding-zero); border: var(--artdeco-reset-base-border-zero); vertical-align: var(--artdeco-reset-base-vertical-align-baseline); line-height: var(--line-height-open); color: rgba(0, 0, 0, 0.9); font-family: -apple-system, system-ui, BlinkMacSystemFont, 'Segoe UI', Roboto, 'Helvetica Neue', 'Fira Sans', Ubuntu, Oxygen, 'Oxygen Sans', Cantarell, 'Droid Sans', 'Apple Color Emoji', 'Segoe UI Emoji', 'Segoe UI Emoji', 'Segoe UI Symbol', 'Lucida Grande', Helvetica, Arial, sans-serif; pointer-events: all; caret-color: rgba(0, 0, 0, 0.9);\">\u00c0 la diff\u00e9rence de l\u2019accident de travail (qui se produit sur le lieu ou dans le cadre direct de l\u2019activit\u00e9 professionnelle), l\u2019accident de trajet <span style=\"box-sizing: inherit; margin: var(--artdeco-reset-base-margin-zero); padding: var(--artdeco-reset-base-padding-zero); border: var(--artdeco-reset-base-border-zero); font-size: var(--artdeco-reset-base-font-size-hundred-percent); vertical-align: var(--artdeco-reset-base-vertical-align-baseline); outline: var(--artdeco-reset-base-outline-zero); font-family: var(--artdeco-reset-typography-font-family-sans);\">n\u2019engage pas la responsabilit\u00e9 automatique de l\u2019employeur<\/span>. N\u00e9anmoins, il est <span style=\"box-sizing: inherit; margin: var(--artdeco-reset-base-margin-zero); padding: var(--artdeco-reset-base-padding-zero); border: var(--artdeco-reset-base-border-zero); font-size: var(--artdeco-reset-base-font-size-hundred-percent); vertical-align: var(--artdeco-reset-base-vertical-align-baseline); outline: var(--artdeco-reset-base-outline-zero); font-family: var(--artdeco-reset-typography-font-family-sans);\">assur\u00e9 par le r\u00e9gime obligatoire d\u2019assurance accident<\/span>, \u00e0 condition d\u2019\u00eatre d\u00e9clar\u00e9 dans les d\u00e9lais l\u00e9gaux, avec toutes les pi\u00e8ces justificatives demand\u00e9es par la AAA.<\/p><p style=\"box-sizing: inherit; margin-bottom: var(--spacing-four-x); padding: var(--artdeco-reset-base-padding-zero); border: var(--artdeco-reset-base-border-zero); vertical-align: var(--artdeco-reset-base-vertical-align-baseline); line-height: var(--line-height-open); color: rgba(0, 0, 0, 0.9); font-family: -apple-system, system-ui, BlinkMacSystemFont, 'Segoe UI', Roboto, 'Helvetica Neue', 'Fira Sans', Ubuntu, Oxygen, 'Oxygen Sans', Cantarell, 'Droid Sans', 'Apple Color Emoji', 'Segoe UI Emoji', 'Segoe UI Emoji', 'Segoe UI Symbol', 'Lucida Grande', Helvetica, Arial, sans-serif; pointer-events: all; caret-color: rgba(0, 0, 0, 0.9);\">En somme, le trajet entre le domicile (ou tout lieu assimil\u00e9) et le lieu de travail, \u00e0 l\u2019aller <span style=\"box-sizing: inherit; margin: var(--artdeco-reset-base-margin-zero); padding: var(--artdeco-reset-base-padding-zero); border: var(--artdeco-reset-base-border-zero); font-size: var(--artdeco-reset-base-font-size-hundred-percent); vertical-align: var(--artdeco-reset-base-vertical-align-baseline); outline: var(--artdeco-reset-base-outline-zero); font-family: var(--artdeco-reset-typography-font-family-sans);\">comme au retour<\/span>, est prot\u00e9g\u00e9 par le droit, d\u00e8s lors qu\u2019il est effectu\u00e9 dans des conditions normales.<\/p><p style=\"box-sizing: inherit; margin-bottom: var(--spacing-four-x); padding: var(--artdeco-reset-base-padding-zero); border: var(--artdeco-reset-base-border-zero); vertical-align: var(--artdeco-reset-base-vertical-align-baseline); line-height: var(--line-height-open); color: rgba(0, 0, 0, 0.9); font-family: -apple-system, system-ui, BlinkMacSystemFont, 'Segoe UI', Roboto, 'Helvetica Neue', 'Fira Sans', Ubuntu, Oxygen, 'Oxygen Sans', Cantarell, 'Droid Sans', 'Apple Color Emoji', 'Segoe UI Emoji', 'Segoe UI Emoji', 'Segoe UI Symbol', 'Lucida Grande', Helvetica, Arial, sans-serif; pointer-events: all; caret-color: rgba(0, 0, 0, 0.9);\">\u00a0<\/p><h3 style=\"box-sizing: inherit; margin-bottom: var(--spacing-two-x); padding: var(--artdeco-reset-base-padding-zero); border: var(--artdeco-reset-base-border-zero); font-size: var(--font-size-xlarge); vertical-align: var(--artdeco-reset-base-vertical-align-baseline); outline: var(--artdeco-reset-base-outline-zero); color: rgba(0, 0, 0, 0.9); line-height: var(--line-height-default); font-family: -apple-system, system-ui, BlinkMacSystemFont, 'Segoe UI', Roboto, 'Helvetica Neue', 'Fira Sans', Ubuntu, Oxygen, 'Oxygen Sans', Cantarell, 'Droid Sans', 'Apple Color Emoji', 'Segoe UI Emoji', 'Segoe UI Emoji', 'Segoe UI Symbol', 'Lucida Grande', Helvetica, Arial, sans-serif; caret-color: rgba(0, 0, 0, 0.9);\">Quels sont les facteurs de risque ?<\/h3><p style=\"box-sizing: inherit; margin-bottom: var(--spacing-four-x); padding: var(--artdeco-reset-base-padding-zero); border: var(--artdeco-reset-base-border-zero); vertical-align: var(--artdeco-reset-base-vertical-align-baseline); line-height: var(--line-height-open); color: rgba(0, 0, 0, 0.9); font-family: -apple-system, system-ui, BlinkMacSystemFont, 'Segoe UI', Roboto, 'Helvetica Neue', 'Fira Sans', Ubuntu, Oxygen, 'Oxygen Sans', Cantarell, 'Droid Sans', 'Apple Color Emoji', 'Segoe UI Emoji', 'Segoe UI Emoji', 'Segoe UI Symbol', 'Lucida Grande', Helvetica, Arial, sans-serif; pointer-events: all; caret-color: rgba(0, 0, 0, 0.9);\">Les causes d\u2019accidents de trajet sont multiples et souvent bien connues : vitesse excessive, fatigue, distractions (smartphone), alcool, conditions m\u00e9t\u00e9o, infrastructures mal adapt\u00e9es&#8230; mais aussi, de plus en plus, <span style=\"box-sizing: inherit; margin: var(--artdeco-reset-base-margin-zero); padding: var(--artdeco-reset-base-padding-zero); border: var(--artdeco-reset-base-border-zero); font-size: var(--artdeco-reset-base-font-size-hundred-percent); vertical-align: var(--artdeco-reset-base-vertical-align-baseline); outline: var(--artdeco-reset-base-outline-zero); font-family: var(--artdeco-reset-typography-font-family-sans);\">stress, pression horaire<\/span>, ou <span style=\"box-sizing: inherit; margin: var(--artdeco-reset-base-margin-zero); padding: var(--artdeco-reset-base-padding-zero); border: var(--artdeco-reset-base-border-zero); font-size: var(--artdeco-reset-base-font-size-hundred-percent); vertical-align: var(--artdeco-reset-base-vertical-align-baseline); outline: var(--artdeco-reset-base-outline-zero); font-family: var(--artdeco-reset-typography-font-family-sans);\">d\u00e9ficit d\u2019am\u00e9nagements<\/span> pour les mobilit\u00e9s douces.<\/p><p style=\"box-sizing: inherit; margin-bottom: var(--spacing-four-x); padding: var(--artdeco-reset-base-padding-zero); border: var(--artdeco-reset-base-border-zero); vertical-align: var(--artdeco-reset-base-vertical-align-baseline); line-height: var(--line-height-open); color: rgba(0, 0, 0, 0.9); font-family: -apple-system, system-ui, BlinkMacSystemFont, 'Segoe UI', Roboto, 'Helvetica Neue', 'Fira Sans', Ubuntu, Oxygen, 'Oxygen Sans', Cantarell, 'Droid Sans', 'Apple Color Emoji', 'Segoe UI Emoji', 'Segoe UI Emoji', 'Segoe UI Symbol', 'Lucida Grande', Helvetica, Arial, sans-serif; pointer-events: all; caret-color: rgba(0, 0, 0, 0.9);\">Par exemple, un salari\u00e9 contraint de courir pour attraper son bus apr\u00e8s une r\u00e9union qui a d\u00e9bord\u00e9, ou un autre qui roule vite pour d\u00e9poser ses enfants \u00e0 l\u2019\u00e9cole avant l\u2019embauche, se retrouve expos\u00e9 \u00e0 un risque bien r\u00e9el, sans qu\u2019il soit pour autant \u00e0 son poste de travail.<\/p><p style=\"box-sizing: inherit; margin-bottom: var(--spacing-four-x); padding: var(--artdeco-reset-base-padding-zero); border: var(--artdeco-reset-base-border-zero); vertical-align: var(--artdeco-reset-base-vertical-align-baseline); line-height: var(--line-height-open); color: rgba(0, 0, 0, 0.9); font-family: -apple-system, system-ui, BlinkMacSystemFont, 'Segoe UI', Roboto, 'Helvetica Neue', 'Fira Sans', Ubuntu, Oxygen, 'Oxygen Sans', Cantarell, 'Droid Sans', 'Apple Color Emoji', 'Segoe UI Emoji', 'Segoe UI Emoji', 'Segoe UI Symbol', 'Lucida Grande', Helvetica, Arial, sans-serif; pointer-events: all; caret-color: rgba(0, 0, 0, 0.9);\">Dans certains cas, le facteur humain est aggrav\u00e9 par des d\u00e9faillances structurelles : routes non s\u00e9curis\u00e9es, absence de pistes cyclables, manque d\u2019\u00e9clairage, v\u00e9hicules mal entretenus&#8230;<\/p><p style=\"box-sizing: inherit; margin-bottom: var(--spacing-four-x); padding: var(--artdeco-reset-base-padding-zero); border: var(--artdeco-reset-base-border-zero); vertical-align: var(--artdeco-reset-base-vertical-align-baseline); line-height: var(--line-height-open); color: rgba(0, 0, 0, 0.9); font-family: -apple-system, system-ui, BlinkMacSystemFont, 'Segoe UI', Roboto, 'Helvetica Neue', 'Fira Sans', Ubuntu, Oxygen, 'Oxygen Sans', Cantarell, 'Droid Sans', 'Apple Color Emoji', 'Segoe UI Emoji', 'Segoe UI Emoji', 'Segoe UI Symbol', 'Lucida Grande', Helvetica, Arial, sans-serif; pointer-events: all; caret-color: rgba(0, 0, 0, 0.9);\">\u00a0<\/p><h3 style=\"box-sizing: inherit; margin-bottom: var(--spacing-two-x); padding: var(--artdeco-reset-base-padding-zero); border: var(--artdeco-reset-base-border-zero); font-size: var(--font-size-xlarge); vertical-align: var(--artdeco-reset-base-vertical-align-baseline); outline: var(--artdeco-reset-base-outline-zero); color: rgba(0, 0, 0, 0.9); line-height: var(--line-height-default); font-family: -apple-system, system-ui, BlinkMacSystemFont, 'Segoe UI', Roboto, 'Helvetica Neue', 'Fira Sans', Ubuntu, Oxygen, 'Oxygen Sans', Cantarell, 'Droid Sans', 'Apple Color Emoji', 'Segoe UI Emoji', 'Segoe UI Emoji', 'Segoe UI Symbol', 'Lucida Grande', Helvetica, Arial, sans-serif; caret-color: rgba(0, 0, 0, 0.9);\">Des cons\u00e9quences lourdes et co\u00fbteuses<\/h3><p style=\"box-sizing: inherit; margin-bottom: var(--spacing-four-x); padding: var(--artdeco-reset-base-padding-zero); border: var(--artdeco-reset-base-border-zero); vertical-align: var(--artdeco-reset-base-vertical-align-baseline); line-height: var(--line-height-open); color: rgba(0, 0, 0, 0.9); font-family: -apple-system, system-ui, BlinkMacSystemFont, 'Segoe UI', Roboto, 'Helvetica Neue', 'Fira Sans', Ubuntu, Oxygen, 'Oxygen Sans', Cantarell, 'Droid Sans', 'Apple Color Emoji', 'Segoe UI Emoji', 'Segoe UI Emoji', 'Segoe UI Symbol', 'Lucida Grande', Helvetica, Arial, sans-serif; pointer-events: all; caret-color: rgba(0, 0, 0, 0.9);\">Chaque accident de trajet co\u00fbte en moyenne <span style=\"box-sizing: inherit; margin: var(--artdeco-reset-base-margin-zero); padding: var(--artdeco-reset-base-padding-zero); border: var(--artdeco-reset-base-border-zero); font-size: var(--artdeco-reset-base-font-size-hundred-percent); vertical-align: var(--artdeco-reset-base-vertical-align-baseline); outline: var(--artdeco-reset-base-outline-zero); font-family: var(--artdeco-reset-typography-font-family-sans);\">plus de 4 300 \u20ac<\/span> (selon le rapport AAA 2023), sans parler des pertes indirectes : arr\u00eats maladie, remplacements temporaires, perte de productivit\u00e9, d\u00e9marches administratives.<\/p><p style=\"box-sizing: inherit; margin-bottom: var(--spacing-four-x); padding: var(--artdeco-reset-base-padding-zero); border: var(--artdeco-reset-base-border-zero); vertical-align: var(--artdeco-reset-base-vertical-align-baseline); line-height: var(--line-height-open); color: rgba(0, 0, 0, 0.9); font-family: -apple-system, system-ui, BlinkMacSystemFont, 'Segoe UI', Roboto, 'Helvetica Neue', 'Fira Sans', Ubuntu, Oxygen, 'Oxygen Sans', Cantarell, 'Droid Sans', 'Apple Color Emoji', 'Segoe UI Emoji', 'Segoe UI Emoji', 'Segoe UI Symbol', 'Lucida Grande', Helvetica, Arial, sans-serif; pointer-events: all; caret-color: rgba(0, 0, 0, 0.9);\">Et dans les cas les plus graves, les cons\u00e9quences humaines prennent le dessus : en 2023, <span style=\"box-sizing: inherit; margin: var(--artdeco-reset-base-margin-zero); padding: var(--artdeco-reset-base-padding-zero); border: var(--artdeco-reset-base-border-zero); font-size: var(--artdeco-reset-base-font-size-hundred-percent); vertical-align: var(--artdeco-reset-base-vertical-align-baseline); outline: var(--artdeco-reset-base-outline-zero); font-family: var(--artdeco-reset-typography-font-family-sans);\">19 accidents mortels<\/span> ont \u00e9t\u00e9 recens\u00e9s, tous types confondus, un rappel brutal que ces situations peuvent avoir un co\u00fbt humain irr\u00e9versible.<\/p><p style=\"box-sizing: inherit; margin-bottom: var(--spacing-four-x); padding: var(--artdeco-reset-base-padding-zero); border: var(--artdeco-reset-base-border-zero); vertical-align: var(--artdeco-reset-base-vertical-align-baseline); line-height: var(--line-height-open); color: rgba(0, 0, 0, 0.9); font-family: -apple-system, system-ui, BlinkMacSystemFont, 'Segoe UI', Roboto, 'Helvetica Neue', 'Fira Sans', Ubuntu, Oxygen, 'Oxygen Sans', Cantarell, 'Droid Sans', 'Apple Color Emoji', 'Segoe UI Emoji', 'Segoe UI Emoji', 'Segoe UI Symbol', 'Lucida Grande', Helvetica, Arial, sans-serif; pointer-events: all; caret-color: rgba(0, 0, 0, 0.9);\">\u00a0<\/p><h3 style=\"box-sizing: inherit; margin-bottom: var(--spacing-two-x); padding: var(--artdeco-reset-base-padding-zero); border: var(--artdeco-reset-base-border-zero); font-size: var(--font-size-xlarge); vertical-align: var(--artdeco-reset-base-vertical-align-baseline); outline: var(--artdeco-reset-base-outline-zero); color: rgba(0, 0, 0, 0.9); line-height: var(--line-height-default); font-family: -apple-system, system-ui, BlinkMacSystemFont, 'Segoe UI', Roboto, 'Helvetica Neue', 'Fira Sans', Ubuntu, Oxygen, 'Oxygen Sans', Cantarell, 'Droid Sans', 'Apple Color Emoji', 'Segoe UI Emoji', 'Segoe UI Emoji', 'Segoe UI Symbol', 'Lucida Grande', Helvetica, Arial, sans-serif; caret-color: rgba(0, 0, 0, 0.9);\">Quelles obligations pour les entreprises ?<\/h3><p style=\"box-sizing: inherit; margin-bottom: var(--spacing-four-x); padding: var(--artdeco-reset-base-padding-zero); border: var(--artdeco-reset-base-border-zero); vertical-align: var(--artdeco-reset-base-vertical-align-baseline); line-height: var(--line-height-open); color: rgba(0, 0, 0, 0.9); font-family: -apple-system, system-ui, BlinkMacSystemFont, 'Segoe UI', Roboto, 'Helvetica Neue', 'Fira Sans', Ubuntu, Oxygen, 'Oxygen Sans', Cantarell, 'Droid Sans', 'Apple Color Emoji', 'Segoe UI Emoji', 'Segoe UI Emoji', 'Segoe UI Symbol', 'Lucida Grande', Helvetica, Arial, sans-serif; pointer-events: all; caret-color: rgba(0, 0, 0, 0.9);\">M\u00eame si l\u2019employeur n\u2019est pas tenu responsable d\u2019un accident de trajet dans la plupart des cas, la pr\u00e9vention reste <span style=\"box-sizing: inherit; margin: var(--artdeco-reset-base-margin-zero); padding: var(--artdeco-reset-base-padding-zero); border: var(--artdeco-reset-base-border-zero); font-size: var(--artdeco-reset-base-font-size-hundred-percent); vertical-align: var(--artdeco-reset-base-vertical-align-baseline); outline: var(--artdeco-reset-base-outline-zero); font-family: var(--artdeco-reset-typography-font-family-sans);\">une d\u00e9marche attendue<\/span> par les autorit\u00e9s. L\u2019ITM, via ses recommandations r\u00e9centes, encourage les employeurs \u00e0 :<\/p><p style=\"box-sizing: inherit; margin-bottom: var(--spacing-four-x); padding: var(--artdeco-reset-base-padding-zero); border: var(--artdeco-reset-base-border-zero); vertical-align: var(--artdeco-reset-base-vertical-align-baseline); line-height: var(--line-height-open); color: rgba(0, 0, 0, 0.9); font-family: -apple-system, system-ui, BlinkMacSystemFont, 'Segoe UI', Roboto, 'Helvetica Neue', 'Fira Sans', Ubuntu, Oxygen, 'Oxygen Sans', Cantarell, 'Droid Sans', 'Apple Color Emoji', 'Segoe UI Emoji', 'Segoe UI Emoji', 'Segoe UI Symbol', 'Lucida Grande', Helvetica, Arial, sans-serif; pointer-events: all; caret-color: rgba(0, 0, 0, 0.9);\">\u00a0<\/p><ul style=\"caret-color: #000000; font-family: var(--artdeco-reset-typography-font-family-sans); box-sizing: inherit; margin-bottom: var(--spacing-four-x); padding-left: var(--spacing-four-x); border: var(--artdeco-reset-base-border-zero); font-size: var(--font-size-medium); vertical-align: var(--artdeco-reset-base-vertical-align-baseline); line-height: var(--line-height-open);\"><li style=\"box-sizing: inherit; margin-bottom: var(--spacing-one-x); padding-left: var(--spacing-one-x); border: var(--artdeco-reset-base-border-zero); font-size: var(--artdeco-reset-base-font-size-hundred-percent); vertical-align: var(--artdeco-reset-base-vertical-align-baseline); font-family: var(--artdeco-reset-typography-font-family-sans);\">Sensibiliser les salari\u00e9s aux risques de trajet d\u00e8s l\u2019accueil s\u00e9curit\u00e9<\/li><li style=\"box-sizing: inherit; margin-bottom: var(--spacing-one-x); padding-left: var(--spacing-one-x); border: var(--artdeco-reset-base-border-zero); font-size: var(--artdeco-reset-base-font-size-hundred-percent); vertical-align: var(--artdeco-reset-base-vertical-align-baseline); font-family: var(--artdeco-reset-typography-font-family-sans);\">Int\u00e9grer la pr\u00e9vention du risque routier dans le <span style=\"box-sizing: inherit; margin: var(--artdeco-reset-base-margin-zero); padding: var(--artdeco-reset-base-padding-zero); border: var(--artdeco-reset-base-border-zero); font-size: var(--artdeco-reset-base-font-size-hundred-percent); vertical-align: var(--artdeco-reset-base-vertical-align-baseline); outline: var(--artdeco-reset-base-outline-zero); font-family: var(--artdeco-reset-typography-font-family-sans);\">Document Unique d\u2019\u00c9valuation des Risques<\/span>(DUER)<\/li><li style=\"box-sizing: inherit; margin-bottom: var(--spacing-one-x); padding-left: var(--spacing-one-x); border: var(--artdeco-reset-base-border-zero); font-size: var(--artdeco-reset-base-font-size-hundred-percent); vertical-align: var(--artdeco-reset-base-vertical-align-baseline); font-family: var(--artdeco-reset-typography-font-family-sans);\">Proposer des am\u00e9nagements favorables aux mobilit\u00e9s douces (abris v\u00e9lo, indemnit\u00e9s kilom\u00e9triques, horaires flexibles&#8230;)<\/li><li style=\"box-sizing: inherit; margin-bottom: var(--spacing-one-x); padding-left: var(--spacing-one-x); border: var(--artdeco-reset-base-border-zero); font-size: var(--artdeco-reset-base-font-size-hundred-percent); vertical-align: var(--artdeco-reset-base-vertical-align-baseline); font-family: var(--artdeco-reset-typography-font-family-sans);\">Offrir des formations sur la s\u00e9curit\u00e9 routi\u00e8re ou sur les gestes \u00e0 adopter en cas d&rsquo;accident.<\/li><\/ul><p style=\"caret-color: #000000; color: #000000;\">\u00a0<\/p><p style=\"box-sizing: inherit; margin-bottom: var(--spacing-four-x); padding: var(--artdeco-reset-base-padding-zero); border: var(--artdeco-reset-base-border-zero); vertical-align: var(--artdeco-reset-base-vertical-align-baseline); line-height: var(--line-height-open); color: rgba(0, 0, 0, 0.9); font-family: -apple-system, system-ui, BlinkMacSystemFont, 'Segoe UI', Roboto, 'Helvetica Neue', 'Fira Sans', Ubuntu, Oxygen, 'Oxygen Sans', Cantarell, 'Droid Sans', 'Apple Color Emoji', 'Segoe UI Emoji', 'Segoe UI Emoji', 'Segoe UI Symbol', 'Lucida Grande', Helvetica, Arial, sans-serif; pointer-events: all; caret-color: rgba(0, 0, 0, 0.9);\">Certaines entreprises vont plus loin en mettant \u00e0 disposition des navettes, en favorisant le t\u00e9l\u00e9travail partiel ou en adaptant les horaires d\u2019arriv\u00e9e et de d\u00e9part selon les pics de circulation.<\/p><p style=\"box-sizing: inherit; margin-bottom: var(--spacing-four-x); padding: var(--artdeco-reset-base-padding-zero); border: var(--artdeco-reset-base-border-zero); vertical-align: var(--artdeco-reset-base-vertical-align-baseline); line-height: var(--line-height-open); color: rgba(0, 0, 0, 0.9); font-family: -apple-system, system-ui, BlinkMacSystemFont, 'Segoe UI', Roboto, 'Helvetica Neue', 'Fira Sans', Ubuntu, Oxygen, 'Oxygen Sans', Cantarell, 'Droid Sans', 'Apple Color Emoji', 'Segoe UI Emoji', 'Segoe UI Emoji', 'Segoe UI Symbol', 'Lucida Grande', Helvetica, Arial, sans-serif; pointer-events: all; caret-color: rgba(0, 0, 0, 0.9);\">\u00a0<\/p><h3 style=\"box-sizing: inherit; margin-bottom: var(--spacing-two-x); padding: var(--artdeco-reset-base-padding-zero); border: var(--artdeco-reset-base-border-zero); font-size: var(--font-size-xlarge); vertical-align: var(--artdeco-reset-base-vertical-align-baseline); outline: var(--artdeco-reset-base-outline-zero); color: rgba(0, 0, 0, 0.9); line-height: var(--line-height-default); font-family: -apple-system, system-ui, BlinkMacSystemFont, 'Segoe UI', Roboto, 'Helvetica Neue', 'Fira Sans', Ubuntu, Oxygen, 'Oxygen Sans', Cantarell, 'Droid Sans', 'Apple Color Emoji', 'Segoe UI Emoji', 'Segoe UI Emoji', 'Segoe UI Symbol', 'Lucida Grande', Helvetica, Arial, sans-serif; caret-color: rgba(0, 0, 0, 0.9);\">Comment pr\u00e9venir ce type d\u2019accident ?<\/h3><p style=\"box-sizing: inherit; margin-bottom: var(--spacing-four-x); padding: var(--artdeco-reset-base-padding-zero); border: var(--artdeco-reset-base-border-zero); vertical-align: var(--artdeco-reset-base-vertical-align-baseline); line-height: var(--line-height-open); color: rgba(0, 0, 0, 0.9); font-family: -apple-system, system-ui, BlinkMacSystemFont, 'Segoe UI', Roboto, 'Helvetica Neue', 'Fira Sans', Ubuntu, Oxygen, 'Oxygen Sans', Cantarell, 'Droid Sans', 'Apple Color Emoji', 'Segoe UI Emoji', 'Segoe UI Emoji', 'Segoe UI Symbol', 'Lucida Grande', Helvetica, Arial, sans-serif; pointer-events: all; caret-color: rgba(0, 0, 0, 0.9);\">La pr\u00e9vention des accidents de trajet passe par une <span style=\"box-sizing: inherit; margin: var(--artdeco-reset-base-margin-zero); padding: var(--artdeco-reset-base-padding-zero); border: var(--artdeco-reset-base-border-zero); font-size: var(--artdeco-reset-base-font-size-hundred-percent); vertical-align: var(--artdeco-reset-base-vertical-align-baseline); outline: var(--artdeco-reset-base-outline-zero); font-family: var(--artdeco-reset-typography-font-family-sans);\">double responsabilit\u00e9<\/span> : celle du salari\u00e9, bien s\u00fbr, mais aussi celle de l\u2019organisation, qui peut cr\u00e9er un cadre propice \u00e0 une mobilit\u00e9 plus s\u00fbre.<\/p><p style=\"box-sizing: inherit; margin-bottom: var(--spacing-four-x); padding: var(--artdeco-reset-base-padding-zero); border: var(--artdeco-reset-base-border-zero); vertical-align: var(--artdeco-reset-base-vertical-align-baseline); line-height: var(--line-height-open); color: rgba(0, 0, 0, 0.9); font-family: -apple-system, system-ui, BlinkMacSystemFont, 'Segoe UI', Roboto, 'Helvetica Neue', 'Fira Sans', Ubuntu, Oxygen, 'Oxygen Sans', Cantarell, 'Droid Sans', 'Apple Color Emoji', 'Segoe UI Emoji', 'Segoe UI Emoji', 'Segoe UI Symbol', 'Lucida Grande', Helvetica, Arial, sans-serif; pointer-events: all; caret-color: rgba(0, 0, 0, 0.9);\">Voici quelques leviers \u00e9prouv\u00e9s :<\/p><p style=\"box-sizing: inherit; margin-bottom: var(--spacing-four-x); padding: var(--artdeco-reset-base-padding-zero); border: var(--artdeco-reset-base-border-zero); vertical-align: var(--artdeco-reset-base-vertical-align-baseline); line-height: var(--line-height-open); color: rgba(0, 0, 0, 0.9); font-family: -apple-system, system-ui, BlinkMacSystemFont, 'Segoe UI', Roboto, 'Helvetica Neue', 'Fira Sans', Ubuntu, Oxygen, 'Oxygen Sans', Cantarell, 'Droid Sans', 'Apple Color Emoji', 'Segoe UI Emoji', 'Segoe UI Emoji', 'Segoe UI Symbol', 'Lucida Grande', Helvetica, Arial, sans-serif; pointer-events: all; caret-color: rgba(0, 0, 0, 0.9);\">\u00a0<\/p><ul style=\"caret-color: #000000; font-family: var(--artdeco-reset-typography-font-family-sans); box-sizing: inherit; margin-bottom: var(--spacing-four-x); padding-left: var(--spacing-four-x); border: var(--artdeco-reset-base-border-zero); font-size: var(--font-size-medium); vertical-align: var(--artdeco-reset-base-vertical-align-baseline); line-height: var(--line-height-open);\"><li style=\"box-sizing: inherit; margin-bottom: var(--spacing-one-x); padding-left: var(--spacing-one-x); border: var(--artdeco-reset-base-border-zero); font-size: var(--artdeco-reset-base-font-size-hundred-percent); vertical-align: var(--artdeco-reset-base-vertical-align-baseline); font-family: var(--artdeco-reset-typography-font-family-sans);\">Encourager les trajets partag\u00e9s ou moins expos\u00e9s<\/li><li style=\"box-sizing: inherit; margin-bottom: var(--spacing-one-x); padding-left: var(--spacing-one-x); border: var(--artdeco-reset-base-border-zero); font-size: var(--artdeco-reset-base-font-size-hundred-percent); vertical-align: var(--artdeco-reset-base-vertical-align-baseline); font-family: var(--artdeco-reset-typography-font-family-sans);\">\u00c9viter les r\u00e9unions t\u00f4t le matin ou tard le soir pour r\u00e9duire les pics de fatigue<\/li><li style=\"box-sizing: inherit; margin-bottom: var(--spacing-one-x); padding-left: var(--spacing-one-x); border: var(--artdeco-reset-base-border-zero); font-size: var(--artdeco-reset-base-font-size-hundred-percent); vertical-align: var(--artdeco-reset-base-vertical-align-baseline); font-family: var(--artdeco-reset-typography-font-family-sans);\">Am\u00e9liorer la visibilit\u00e9 et la lisibilit\u00e9 des itin\u00e9raires pour les nouveaux arrivants<\/li><li style=\"box-sizing: inherit; margin-bottom: var(--spacing-one-x); padding-left: var(--spacing-one-x); border: var(--artdeco-reset-base-border-zero); font-size: var(--artdeco-reset-base-font-size-hundred-percent); vertical-align: var(--artdeco-reset-base-vertical-align-baseline); font-family: var(--artdeco-reset-typography-font-family-sans);\">Informer les collaborateurs sur leurs droits en cas d\u2019accident de trajet.<\/li><\/ul><p style=\"caret-color: #000000; color: #000000;\">\u00a0<\/p><p style=\"box-sizing: inherit; margin-bottom: var(--spacing-four-x); padding: var(--artdeco-reset-base-padding-zero); border: var(--artdeco-reset-base-border-zero); vertical-align: var(--artdeco-reset-base-vertical-align-baseline); line-height: var(--line-height-open); color: rgba(0, 0, 0, 0.9); font-family: -apple-system, system-ui, BlinkMacSystemFont, 'Segoe UI', Roboto, 'Helvetica Neue', 'Fira Sans', Ubuntu, Oxygen, 'Oxygen Sans', Cantarell, 'Droid Sans', 'Apple Color Emoji', 'Segoe UI Emoji', 'Segoe UI Emoji', 'Segoe UI Symbol', 'Lucida Grande', Helvetica, Arial, sans-serif; pointer-events: all; caret-color: rgba(0, 0, 0, 0.9);\">Une entreprise qui prend en compte ce risque montre qu\u2019elle se soucie r\u00e9ellement de la <span style=\"box-sizing: inherit; margin: var(--artdeco-reset-base-margin-zero); padding: var(--artdeco-reset-base-padding-zero); border: var(--artdeco-reset-base-border-zero); font-size: var(--artdeco-reset-base-font-size-hundred-percent); vertical-align: var(--artdeco-reset-base-vertical-align-baseline); outline: var(--artdeco-reset-base-outline-zero); font-family: var(--artdeco-reset-typography-font-family-sans);\">sant\u00e9 globale de ses salari\u00e9s<\/span>, et pas uniquement de celle entre les murs.<\/p><p style=\"box-sizing: inherit; margin-bottom: var(--spacing-four-x); padding: var(--artdeco-reset-base-padding-zero); border: var(--artdeco-reset-base-border-zero); vertical-align: var(--artdeco-reset-base-vertical-align-baseline); line-height: var(--line-height-open); color: rgba(0, 0, 0, 0.9); font-family: -apple-system, system-ui, BlinkMacSystemFont, 'Segoe UI', Roboto, 'Helvetica Neue', 'Fira Sans', Ubuntu, Oxygen, 'Oxygen Sans', Cantarell, 'Droid Sans', 'Apple Color Emoji', 'Segoe UI Emoji', 'Segoe UI Emoji', 'Segoe UI Symbol', 'Lucida Grande', Helvetica, Arial, sans-serif; pointer-events: all; caret-color: rgba(0, 0, 0, 0.9);\">\u00a0<\/p><h3 style=\"box-sizing: inherit; margin-bottom: var(--spacing-two-x); padding: var(--artdeco-reset-base-padding-zero); border: var(--artdeco-reset-base-border-zero); font-size: var(--font-size-xlarge); vertical-align: var(--artdeco-reset-base-vertical-align-baseline); outline: var(--artdeco-reset-base-outline-zero); color: rgba(0, 0, 0, 0.9); line-height: var(--line-height-default); font-family: -apple-system, system-ui, BlinkMacSystemFont, 'Segoe UI', Roboto, 'Helvetica Neue', 'Fira Sans', Ubuntu, Oxygen, 'Oxygen Sans', Cantarell, 'Droid Sans', 'Apple Color Emoji', 'Segoe UI Emoji', 'Segoe UI Emoji', 'Segoe UI Symbol', 'Lucida Grande', Helvetica, Arial, sans-serif; caret-color: rgba(0, 0, 0, 0.9);\">Un enjeu culturel, pas seulement logistique<\/h3><p style=\"box-sizing: inherit; margin-bottom: var(--spacing-four-x); padding: var(--artdeco-reset-base-padding-zero); border: var(--artdeco-reset-base-border-zero); vertical-align: var(--artdeco-reset-base-vertical-align-baseline); line-height: var(--line-height-open); color: rgba(0, 0, 0, 0.9); font-family: -apple-system, system-ui, BlinkMacSystemFont, 'Segoe UI', Roboto, 'Helvetica Neue', 'Fira Sans', Ubuntu, Oxygen, 'Oxygen Sans', Cantarell, 'Droid Sans', 'Apple Color Emoji', 'Segoe UI Emoji', 'Segoe UI Emoji', 'Segoe UI Symbol', 'Lucida Grande', Helvetica, Arial, sans-serif; pointer-events: all; caret-color: rgba(0, 0, 0, 0.9);\">Dans une soci\u00e9t\u00e9 o\u00f9 les trajets domicile-travail sont parfois per\u00e7us comme une formalit\u00e9 ou un \u201ctemps mort\u201d, changer les mentalit\u00e9s est essentiel. L\u2019int\u00e9gration du risque de trajet dans la politique de pr\u00e9vention est un <span style=\"box-sizing: inherit; margin: var(--artdeco-reset-base-margin-zero); padding: var(--artdeco-reset-base-padding-zero); border: var(--artdeco-reset-base-border-zero); font-size: var(--artdeco-reset-base-font-size-hundred-percent); vertical-align: var(--artdeco-reset-base-vertical-align-baseline); outline: var(--artdeco-reset-base-outline-zero); font-family: var(--artdeco-reset-typography-font-family-sans);\">marqueur de maturit\u00e9 manag\u00e9riale<\/span>.<\/p><p style=\"box-sizing: inherit; margin-bottom: var(--spacing-four-x); padding: var(--artdeco-reset-base-padding-zero); border: var(--artdeco-reset-base-border-zero); vertical-align: var(--artdeco-reset-base-vertical-align-baseline); line-height: var(--line-height-open); color: rgba(0, 0, 0, 0.9); font-family: -apple-system, system-ui, BlinkMacSystemFont, 'Segoe UI', Roboto, 'Helvetica Neue', 'Fira Sans', Ubuntu, Oxygen, 'Oxygen Sans', Cantarell, 'Droid Sans', 'Apple Color Emoji', 'Segoe UI Emoji', 'Segoe UI Emoji', 'Segoe UI Symbol', 'Lucida Grande', Helvetica, Arial, sans-serif; pointer-events: all; caret-color: rgba(0, 0, 0, 0.9);\">Les chiffres de 2023 montrent clairement que nous avons encore du chemin \u00e0 faire. Mais ils rappellent surtout une chose simple : la s\u00e9curit\u00e9 au travail commence avant m\u00eame d\u2019arriver au travail.<\/p>\t\t\t\t\t\t\t\t<\/div>\n\t\t\t\t<\/div>\n\t\t\t\t\t<\/div>\n\t\t\t\t<\/div>\n\t\t\t\t<\/div>","protected":false},"excerpt":{"rendered":"<p>Chaque jour, des milliers de salari\u00e9s luxembourgeois prennent la route pour rejoindre leur lieu de travail. Voiture, bus, v\u00e9lo, trottinette, ou m\u00eame \u00e0 pied : tous ces trajets ont un point commun souvent ignor\u00e9, ils sont juridiquement et statistiquement reconnus comme une phase \u00e0 risque, pouvant donner lieu \u00e0 un accident de trajet. Et les [&hellip;]<\/p>","protected":false},"author":1,"featured_media":2602,"comment_status":"closed","ping_status":"open","sticky":false,"template":"","format":"standard","meta":{"_jetpack_memberships_contains_paid_content":false,"footnotes":""},"categories":[1],"tags":[],"class_list":["post-2601","post","type-post","status-publish","format-standard","has-post-thumbnail","hentry","category-blog"],"yoast_head":"<!-- This site is optimized with the Yoast SEO plugin v25.4 - https:\/\/yoast.com\/wordpress\/plugins\/seo\/ -->\n<title>RISKWATCH #16 \u2013 Accident de trajet : un risque sous-estim\u00e9, mais bien r\u00e9el - OFSIP<\/title>\n<meta name=\"robots\" content=\"index, follow, max-snippet:-1, max-image-preview:large, max-video-preview:-1\" \/>\n<link rel=\"canonical\" href=\"https:\/\/ofsip.lu\/en\/riskwatch-16-accident-de-trajet-un-risque-sous-estime-mais-bien-reel\/\" \/>\n<meta property=\"og:locale\" content=\"en_GB\" \/>\n<meta property=\"og:type\" content=\"article\" \/>\n<meta property=\"og:title\" content=\"RISKWATCH #16 \u2013 Accident de trajet : un risque sous-estim\u00e9, mais bien r\u00e9el - OFSIP\" \/>\n<meta property=\"og:description\" content=\"Chaque jour, des milliers de salari\u00e9s luxembourgeois prennent la route pour rejoindre leur lieu de travail. Voiture, bus, v\u00e9lo, trottinette, ou m\u00eame \u00e0 pied : tous ces trajets ont un point commun souvent ignor\u00e9, ils sont juridiquement et statistiquement reconnus comme une phase \u00e0 risque, pouvant donner lieu \u00e0 un accident de trajet. Et les [&hellip;]\" \/>\n<meta property=\"og:url\" content=\"https:\/\/ofsip.lu\/en\/riskwatch-16-accident-de-trajet-un-risque-sous-estime-mais-bien-reel\/\" \/>\n<meta property=\"og:site_name\" content=\"OFSIP\" \/>\n<meta property=\"article:published_time\" content=\"2025-07-23T12:20:24+00:00\" \/>\n<meta property=\"article:modified_time\" content=\"2025-07-23T12:21:31+00:00\" \/>\n<meta property=\"og:image\" content=\"https:\/\/ofsip.lu\/wp-content\/uploads\/2025\/07\/16.png\" \/>\n\t<meta property=\"og:image:width\" content=\"1280\" \/>\n\t<meta property=\"og:image:height\" content=\"720\" \/>\n\t<meta property=\"og:image:type\" content=\"image\/png\" \/>\n<meta name=\"author\" content=\"S\u00e9bastien\" \/>\n<meta name=\"twitter:card\" content=\"summary_large_image\" \/>\n<meta name=\"twitter:label1\" content=\"Written by\" \/>\n\t<meta name=\"twitter:data1\" content=\"S\u00e9bastien\" \/>\n\t<meta name=\"twitter:label2\" content=\"Estimated reading time\" \/>\n\t<meta name=\"twitter:data2\" content=\"5 minutes\" \/>\n<script type=\"application\/ld+json\" class=\"yoast-schema-graph\">{\"@context\":\"https:\/\/schema.org\",\"@graph\":[{\"@type\":\"Article\",\"@id\":\"https:\/\/ofsip.lu\/riskwatch-16-accident-de-trajet-un-risque-sous-estime-mais-bien-reel\/#article\",\"isPartOf\":{\"@id\":\"https:\/\/ofsip.lu\/riskwatch-16-accident-de-trajet-un-risque-sous-estime-mais-bien-reel\/\"},\"author\":{\"name\":\"S\u00e9bastien\",\"@id\":\"https:\/\/ofsip.lu\/#\/schema\/person\/f67b0e39696714296557c2ceff8435d8\"},\"headline\":\"RISKWATCH #16 \u2013 Accident de trajet : un risque sous-estim\u00e9, mais bien r\u00e9el\",\"datePublished\":\"2025-07-23T12:20:24+00:00\",\"dateModified\":\"2025-07-23T12:21:31+00:00\",\"mainEntityOfPage\":{\"@id\":\"https:\/\/ofsip.lu\/riskwatch-16-accident-de-trajet-un-risque-sous-estime-mais-bien-reel\/\"},\"wordCount\":1010,\"publisher\":{\"@id\":\"https:\/\/ofsip.lu\/#organization\"},\"image\":{\"@id\":\"https:\/\/ofsip.lu\/riskwatch-16-accident-de-trajet-un-risque-sous-estime-mais-bien-reel\/#primaryimage\"},\"thumbnailUrl\":\"https:\/\/ofsip.lu\/wp-content\/uploads\/2025\/07\/16.png\",\"articleSection\":[\"Blog\"],\"inLanguage\":\"en-GB\"},{\"@type\":\"WebPage\",\"@id\":\"https:\/\/ofsip.lu\/riskwatch-16-accident-de-trajet-un-risque-sous-estime-mais-bien-reel\/\",\"url\":\"https:\/\/ofsip.lu\/riskwatch-16-accident-de-trajet-un-risque-sous-estime-mais-bien-reel\/\",\"name\":\"RISKWATCH #16 \u2013 Accident de trajet : un risque sous-estim\u00e9, mais bien r\u00e9el - OFSIP\",\"isPartOf\":{\"@id\":\"https:\/\/ofsip.lu\/#website\"},\"primaryImageOfPage\":{\"@id\":\"https:\/\/ofsip.lu\/riskwatch-16-accident-de-trajet-un-risque-sous-estime-mais-bien-reel\/#primaryimage\"},\"image\":{\"@id\":\"https:\/\/ofsip.lu\/riskwatch-16-accident-de-trajet-un-risque-sous-estime-mais-bien-reel\/#primaryimage\"},\"thumbnailUrl\":\"https:\/\/ofsip.lu\/wp-content\/uploads\/2025\/07\/16.png\",\"datePublished\":\"2025-07-23T12:20:24+00:00\",\"dateModified\":\"2025-07-23T12:21:31+00:00\",\"breadcrumb\":{\"@id\":\"https:\/\/ofsip.lu\/riskwatch-16-accident-de-trajet-un-risque-sous-estime-mais-bien-reel\/#breadcrumb\"},\"inLanguage\":\"en-GB\",\"potentialAction\":[{\"@type\":\"ReadAction\",\"target\":[\"https:\/\/ofsip.lu\/riskwatch-16-accident-de-trajet-un-risque-sous-estime-mais-bien-reel\/\"]}]},{\"@type\":\"ImageObject\",\"inLanguage\":\"en-GB\",\"@id\":\"https:\/\/ofsip.lu\/riskwatch-16-accident-de-trajet-un-risque-sous-estime-mais-bien-reel\/#primaryimage\",\"url\":\"https:\/\/ofsip.lu\/wp-content\/uploads\/2025\/07\/16.png\",\"contentUrl\":\"https:\/\/ofsip.lu\/wp-content\/uploads\/2025\/07\/16.png\",\"width\":1280,\"height\":720},{\"@type\":\"BreadcrumbList\",\"@id\":\"https:\/\/ofsip.lu\/riskwatch-16-accident-de-trajet-un-risque-sous-estime-mais-bien-reel\/#breadcrumb\",\"itemListElement\":[{\"@type\":\"ListItem\",\"position\":1,\"name\":\"Home\",\"item\":\"https:\/\/ofsip.lu\/\"},{\"@type\":\"ListItem\",\"position\":2,\"name\":\"RISKWATCH #16 \u2013 Accident de trajet : un risque sous-estim\u00e9, mais bien r\u00e9el\"}]},{\"@type\":\"WebSite\",\"@id\":\"https:\/\/ofsip.lu\/#website\",\"url\":\"https:\/\/ofsip.lu\/\",\"name\":\"OFSIP\",\"description\":\"S\u00e9curiser l&#039;humain, renforcer l&#039;entreprise\",\"publisher\":{\"@id\":\"https:\/\/ofsip.lu\/#organization\"},\"potentialAction\":[{\"@type\":\"SearchAction\",\"target\":{\"@type\":\"EntryPoint\",\"urlTemplate\":\"https:\/\/ofsip.lu\/?s={search_term_string}\"},\"query-input\":{\"@type\":\"PropertyValueSpecification\",\"valueRequired\":true,\"valueName\":\"search_term_string\"}}],\"inLanguage\":\"en-GB\"},{\"@type\":\"Organization\",\"@id\":\"https:\/\/ofsip.lu\/#organization\",\"name\":\"OFSIP\",\"url\":\"https:\/\/ofsip.lu\/\",\"logo\":{\"@type\":\"ImageObject\",\"inLanguage\":\"en-GB\",\"@id\":\"https:\/\/ofsip.lu\/#\/schema\/logo\/image\/\",\"url\":\"https:\/\/ofsip.lu\/wp-content\/uploads\/2025\/07\/Logo-OFSIP-Color-sans-detail.png\",\"contentUrl\":\"https:\/\/ofsip.lu\/wp-content\/uploads\/2025\/07\/Logo-OFSIP-Color-sans-detail.png\",\"width\":486,\"height\":460,\"caption\":\"OFSIP\"},\"image\":{\"@id\":\"https:\/\/ofsip.lu\/#\/schema\/logo\/image\/\"}},{\"@type\":\"Person\",\"@id\":\"https:\/\/ofsip.lu\/#\/schema\/person\/f67b0e39696714296557c2ceff8435d8\",\"name\":\"S\u00e9bastien\",\"sameAs\":[\"https:\/\/ofsip.lu\",\"https:\/\/www.linkedin.com\/com\/entreprise\/ofsipsarl\/\"],\"url\":\"https:\/\/ofsip.lu\/en\/author\/sebastian\/\"}]}<\/script>\n<!-- \/ Yoast SEO plugin. -->","yoast_head_json":{"title":"RISKWATCH #16 \u2013 Accident de trajet : un risque sous-estim\u00e9, mais bien r\u00e9el - OFSIP","robots":{"index":"index","follow":"follow","max-snippet":"max-snippet:-1","max-image-preview":"max-image-preview:large","max-video-preview":"max-video-preview:-1"},"canonical":"https:\/\/ofsip.lu\/en\/riskwatch-16-accident-de-trajet-un-risque-sous-estime-mais-bien-reel\/","og_locale":"en_GB","og_type":"article","og_title":"RISKWATCH #16 \u2013 Accident de trajet : un risque sous-estim\u00e9, mais bien r\u00e9el - OFSIP","og_description":"Chaque jour, des milliers de salari\u00e9s luxembourgeois prennent la route pour rejoindre leur lieu de travail. Voiture, bus, v\u00e9lo, trottinette, ou m\u00eame \u00e0 pied : tous ces trajets ont un point commun souvent ignor\u00e9, ils sont juridiquement et statistiquement reconnus comme une phase \u00e0 risque, pouvant donner lieu \u00e0 un accident de trajet. Et les [&hellip;]","og_url":"https:\/\/ofsip.lu\/en\/riskwatch-16-accident-de-trajet-un-risque-sous-estime-mais-bien-reel\/","og_site_name":"OFSIP","article_published_time":"2025-07-23T12:20:24+00:00","article_modified_time":"2025-07-23T12:21:31+00:00","og_image":[{"width":1280,"height":720,"url":"https:\/\/ofsip.lu\/wp-content\/uploads\/2025\/07\/16.png","type":"image\/png"}],"author":"S\u00e9bastien","twitter_card":"summary_large_image","twitter_misc":{"Written by":"S\u00e9bastien","Estimated reading time":"5 minutes"},"schema":{"@context":"https:\/\/schema.org","@graph":[{"@type":"Article","@id":"https:\/\/ofsip.lu\/riskwatch-16-accident-de-trajet-un-risque-sous-estime-mais-bien-reel\/#article","isPartOf":{"@id":"https:\/\/ofsip.lu\/riskwatch-16-accident-de-trajet-un-risque-sous-estime-mais-bien-reel\/"},"author":{"name":"S\u00e9bastien","@id":"https:\/\/ofsip.lu\/#\/schema\/person\/f67b0e39696714296557c2ceff8435d8"},"headline":"RISKWATCH #16 \u2013 Accident de trajet : un risque sous-estim\u00e9, mais bien r\u00e9el","datePublished":"2025-07-23T12:20:24+00:00","dateModified":"2025-07-23T12:21:31+00:00","mainEntityOfPage":{"@id":"https:\/\/ofsip.lu\/riskwatch-16-accident-de-trajet-un-risque-sous-estime-mais-bien-reel\/"},"wordCount":1010,"publisher":{"@id":"https:\/\/ofsip.lu\/#organization"},"image":{"@id":"https:\/\/ofsip.lu\/riskwatch-16-accident-de-trajet-un-risque-sous-estime-mais-bien-reel\/#primaryimage"},"thumbnailUrl":"https:\/\/ofsip.lu\/wp-content\/uploads\/2025\/07\/16.png","articleSection":["Blog"],"inLanguage":"en-GB"},{"@type":"WebPage","@id":"https:\/\/ofsip.lu\/riskwatch-16-accident-de-trajet-un-risque-sous-estime-mais-bien-reel\/","url":"https:\/\/ofsip.lu\/riskwatch-16-accident-de-trajet-un-risque-sous-estime-mais-bien-reel\/","name":"RISKWATCH #16 \u2013 Accident de trajet : un risque sous-estim\u00e9, mais bien r\u00e9el - OFSIP","isPartOf":{"@id":"https:\/\/ofsip.lu\/#website"},"primaryImageOfPage":{"@id":"https:\/\/ofsip.lu\/riskwatch-16-accident-de-trajet-un-risque-sous-estime-mais-bien-reel\/#primaryimage"},"image":{"@id":"https:\/\/ofsip.lu\/riskwatch-16-accident-de-trajet-un-risque-sous-estime-mais-bien-reel\/#primaryimage"},"thumbnailUrl":"https:\/\/ofsip.lu\/wp-content\/uploads\/2025\/07\/16.png","datePublished":"2025-07-23T12:20:24+00:00","dateModified":"2025-07-23T12:21:31+00:00","breadcrumb":{"@id":"https:\/\/ofsip.lu\/riskwatch-16-accident-de-trajet-un-risque-sous-estime-mais-bien-reel\/#breadcrumb"},"inLanguage":"en-GB","potentialAction":[{"@type":"ReadAction","target":["https:\/\/ofsip.lu\/riskwatch-16-accident-de-trajet-un-risque-sous-estime-mais-bien-reel\/"]}]},{"@type":"ImageObject","inLanguage":"en-GB","@id":"https:\/\/ofsip.lu\/riskwatch-16-accident-de-trajet-un-risque-sous-estime-mais-bien-reel\/#primaryimage","url":"https:\/\/ofsip.lu\/wp-content\/uploads\/2025\/07\/16.png","contentUrl":"https:\/\/ofsip.lu\/wp-content\/uploads\/2025\/07\/16.png","width":1280,"height":720},{"@type":"BreadcrumbList","@id":"https:\/\/ofsip.lu\/riskwatch-16-accident-de-trajet-un-risque-sous-estime-mais-bien-reel\/#breadcrumb","itemListElement":[{"@type":"ListItem","position":1,"name":"Home","item":"https:\/\/ofsip.lu\/"},{"@type":"ListItem","position":2,"name":"RISKWATCH #16 \u2013 Accident de trajet : un risque sous-estim\u00e9, mais bien r\u00e9el"}]},{"@type":"WebSite","@id":"https:\/\/ofsip.lu\/#website","url":"https:\/\/ofsip.lu\/","name":"OFSIP","description":"S\u00e9curiser l&#039;humain, renforcer l&#039;entreprise","publisher":{"@id":"https:\/\/ofsip.lu\/#organization"},"potentialAction":[{"@type":"SearchAction","target":{"@type":"EntryPoint","urlTemplate":"https:\/\/ofsip.lu\/?s={search_term_string}"},"query-input":{"@type":"PropertyValueSpecification","valueRequired":true,"valueName":"search_term_string"}}],"inLanguage":"en-GB"},{"@type":"Organization","@id":"https:\/\/ofsip.lu\/#organization","name":"OFSIP","url":"https:\/\/ofsip.lu\/","logo":{"@type":"ImageObject","inLanguage":"en-GB","@id":"https:\/\/ofsip.lu\/#\/schema\/logo\/image\/","url":"https:\/\/ofsip.lu\/wp-content\/uploads\/2025\/07\/Logo-OFSIP-Color-sans-detail.png","contentUrl":"https:\/\/ofsip.lu\/wp-content\/uploads\/2025\/07\/Logo-OFSIP-Color-sans-detail.png","width":486,"height":460,"caption":"OFSIP"},"image":{"@id":"https:\/\/ofsip.lu\/#\/schema\/logo\/image\/"}},{"@type":"Person","@id":"https:\/\/ofsip.lu\/#\/schema\/person\/f67b0e39696714296557c2ceff8435d8","name":"S\u00e9bastien","sameAs":["https:\/\/ofsip.lu","https:\/\/www.linkedin.com\/com\/entreprise\/ofsipsarl\/"],"url":"https:\/\/ofsip.lu\/en\/author\/sebastian\/"}]}},"jetpack_featured_media_url":"https:\/\/ofsip.lu\/wp-content\/uploads\/2025\/07\/16.png","jetpack_sharing_enabled":true,"_links":{"self":[{"href":"https:\/\/ofsip.lu\/en\/wp-json\/wp\/v2\/posts\/2601","targetHints":{"allow":["GET"]}}],"collection":[{"href":"https:\/\/ofsip.lu\/en\/wp-json\/wp\/v2\/posts"}],"about":[{"href":"https:\/\/ofsip.lu\/en\/wp-json\/wp\/v2\/types\/post"}],"author":[{"embeddable":true,"href":"https:\/\/ofsip.lu\/en\/wp-json\/wp\/v2\/users\/1"}],"replies":[{"embeddable":true,"href":"https:\/\/ofsip.lu\/en\/wp-json\/wp\/v2\/comments?post=2601"}],"version-history":[{"count":4,"href":"https:\/\/ofsip.lu\/en\/wp-json\/wp\/v2\/posts\/2601\/revisions"}],"predecessor-version":[{"id":2606,"href":"https:\/\/ofsip.lu\/en\/wp-json\/wp\/v2\/posts\/2601\/revisions\/2606"}],"wp:featuredmedia":[{"embeddable":true,"href":"https:\/\/ofsip.lu\/en\/wp-json\/wp\/v2\/media\/2602"}],"wp:attachment":[{"href":"https:\/\/ofsip.lu\/en\/wp-json\/wp\/v2\/media?parent=2601"}],"wp:term":[{"taxonomy":"category","embeddable":true,"href":"https:\/\/ofsip.lu\/en\/wp-json\/wp\/v2\/categories?post=2601"},{"taxonomy":"post_tag","embeddable":true,"href":"https:\/\/ofsip.lu\/en\/wp-json\/wp\/v2\/tags?post=2601"}],"curies":[{"name":"wp","href":"https:\/\/api.w.org\/{rel}","templated":true}]}}