{"id":2607,"date":"2025-07-23T12:22:23","date_gmt":"2025-07-23T12:22:23","guid":{"rendered":"https:\/\/ofsip.lu\/?p=2607"},"modified":"2025-07-23T12:26:44","modified_gmt":"2025-07-23T12:26:44","slug":"riskwatch-17-travailleur-designe-lobligation-qui-structure-la-prevention-en-entreprise","status":"publish","type":"post","link":"https:\/\/ofsip.lu\/en\/riskwatch-17-travailleur-designe-lobligation-qui-structure-la-prevention-en-entreprise\/","title":{"rendered":"RISKWATCH #17 Travailleur d\u00e9sign\u00e9 : l\u2019obligation qui structure la pr\u00e9vention en entreprise"},"content":{"rendered":"<div data-elementor-type=\"wp-post\" data-elementor-id=\"2607\" class=\"elementor elementor-2607\" data-elementor-post-type=\"post\">\n\t\t\t\t<div class=\"elementor-element elementor-element-5dbc8eb e-flex e-con-boxed e-con e-parent\" data-id=\"5dbc8eb\" data-element_type=\"container\">\n\t\t\t\t\t<div class=\"e-con-inner\">\n\t\t\t\t<div class=\"elementor-element elementor-element-0c9bbbb elementor-widget elementor-widget-image\" data-id=\"0c9bbbb\" data-element_type=\"widget\" data-widget_type=\"image.default\">\n\t\t\t\t<div class=\"elementor-widget-container\">\n\t\t\t\t\t\t\t\t\t\t\t\t\t\t\t<img fetchpriority=\"high\" decoding=\"async\" width=\"800\" height=\"450\" src=\"https:\/\/ofsip.lu\/wp-content\/uploads\/2025\/07\/17-1024x576.png\" class=\"attachment-large size-large wp-image-2608\" alt=\"\" srcset=\"https:\/\/ofsip.lu\/wp-content\/uploads\/2025\/07\/17-1024x576.png 1024w, https:\/\/ofsip.lu\/wp-content\/uploads\/2025\/07\/17-300x169.png 300w, https:\/\/ofsip.lu\/wp-content\/uploads\/2025\/07\/17-768x432.png 768w, https:\/\/ofsip.lu\/wp-content\/uploads\/2025\/07\/17-18x10.png 18w, https:\/\/ofsip.lu\/wp-content\/uploads\/2025\/07\/17.png 1280w\" sizes=\"(max-width: 800px) 100vw, 800px\" \/>\t\t\t\t\t\t\t\t\t\t\t\t\t\t\t<\/div>\n\t\t\t\t<\/div>\n\t\t\t\t\t<\/div>\n\t\t\t\t<\/div>\n\t\t<div class=\"elementor-element elementor-element-2e6004f e-flex e-con-boxed e-con e-parent\" data-id=\"2e6004f\" data-element_type=\"container\">\n\t\t\t\t\t<div class=\"e-con-inner\">\n\t\t\t\t<div class=\"elementor-element elementor-element-4a3bcfb elementor-widget elementor-widget-text-editor\" data-id=\"4a3bcfb\" data-element_type=\"widget\" data-widget_type=\"text-editor.default\">\n\t\t\t\t<div class=\"elementor-widget-container\">\n\t\t\t\t\t\t\t\t\t<p style=\"box-sizing: inherit; margin-bottom: var(--spacing-four-x); padding: var(--artdeco-reset-base-padding-zero); border: var(--artdeco-reset-base-border-zero); vertical-align: var(--artdeco-reset-base-vertical-align-baseline); line-height: var(--line-height-open); color: rgba(0, 0, 0, 0.9); font-family: -apple-system, system-ui, BlinkMacSystemFont, 'Segoe UI', Roboto, 'Helvetica Neue', 'Fira Sans', Ubuntu, Oxygen, 'Oxygen Sans', Cantarell, 'Droid Sans', 'Apple Color Emoji', 'Segoe UI Emoji', 'Segoe UI Emoji', 'Segoe UI Symbol', 'Lucida Grande', Helvetica, Arial, sans-serif; pointer-events: all; caret-color: rgba(0, 0, 0, 0.9);\">Si la s\u00e9curit\u00e9 au travail \u00e9tait un orchestre, le travailleur d\u00e9sign\u00e9 en serait le chef discret mais essentiel. Peu m\u00e9diatis\u00e9e, parfois m\u00e9connue, cette fonction est pourtant une <span style=\"box-sizing: inherit; margin: var(--artdeco-reset-base-margin-zero); padding: var(--artdeco-reset-base-padding-zero); border: var(--artdeco-reset-base-border-zero); font-size: var(--artdeco-reset-base-font-size-hundred-percent); vertical-align: var(--artdeco-reset-base-vertical-align-baseline); outline: var(--artdeco-reset-base-outline-zero); font-family: var(--artdeco-reset-typography-font-family-sans);\">obligation l\u00e9gale au Luxembourg<\/span>, applicable d\u00e8s le <span style=\"box-sizing: inherit; margin: var(--artdeco-reset-base-margin-zero); padding: var(--artdeco-reset-base-padding-zero); border: var(--artdeco-reset-base-border-zero); font-size: var(--artdeco-reset-base-font-size-hundred-percent); vertical-align: var(--artdeco-reset-base-vertical-align-baseline); outline: var(--artdeco-reset-base-outline-zero); font-family: var(--artdeco-reset-typography-font-family-sans);\">premier salari\u00e9<\/span>. Elle constitue l\u2019un des piliers du syst\u00e8me de pr\u00e9vention dans toutes les structures professionnelles du pays, quel que soit leur secteur d\u2019activit\u00e9.<\/p><p style=\"box-sizing: inherit; margin-bottom: var(--spacing-four-x); padding: var(--artdeco-reset-base-padding-zero); border: var(--artdeco-reset-base-border-zero); vertical-align: var(--artdeco-reset-base-vertical-align-baseline); line-height: var(--line-height-open); color: rgba(0, 0, 0, 0.9); font-family: -apple-system, system-ui, BlinkMacSystemFont, 'Segoe UI', Roboto, 'Helvetica Neue', 'Fira Sans', Ubuntu, Oxygen, 'Oxygen Sans', Cantarell, 'Droid Sans', 'Apple Color Emoji', 'Segoe UI Emoji', 'Segoe UI Emoji', 'Segoe UI Symbol', 'Lucida Grande', Helvetica, Arial, sans-serif; pointer-events: all; caret-color: rgba(0, 0, 0, 0.9);\">\u00a0<\/p><p style=\"box-sizing: inherit; margin-bottom: var(--spacing-four-x); padding: var(--artdeco-reset-base-padding-zero); border: var(--artdeco-reset-base-border-zero); vertical-align: var(--artdeco-reset-base-vertical-align-baseline); line-height: var(--line-height-open); color: rgba(0, 0, 0, 0.9); font-family: -apple-system, system-ui, BlinkMacSystemFont, 'Segoe UI', Roboto, 'Helvetica Neue', 'Fira Sans', Ubuntu, Oxygen, 'Oxygen Sans', Cantarell, 'Droid Sans', 'Apple Color Emoji', 'Segoe UI Emoji', 'Segoe UI Emoji', 'Segoe UI Symbol', 'Lucida Grande', Helvetica, Arial, sans-serif; pointer-events: all; caret-color: rgba(0, 0, 0, 0.9);\">Depuis le <span style=\"box-sizing: inherit; margin: var(--artdeco-reset-base-margin-zero); padding: var(--artdeco-reset-base-padding-zero); border: var(--artdeco-reset-base-border-zero); font-size: var(--artdeco-reset-base-font-size-hundred-percent); vertical-align: var(--artdeco-reset-base-vertical-align-baseline); outline: var(--artdeco-reset-base-outline-zero); font-family: var(--artdeco-reset-typography-font-family-sans);\">r\u00e8glement grand-ducal du 9 juin 2006<\/span>, toute entreprise est tenue de d\u00e9signer une personne comp\u00e9tente, interne ou externe, pour assurer les missions de protection et de pr\u00e9vention des risques professionnels. C\u2019est ce que l\u2019on appelle commun\u00e9ment le \u00ab travailleur d\u00e9sign\u00e9 \u00bb.<\/p><p style=\"box-sizing: inherit; margin-bottom: var(--spacing-four-x); padding: var(--artdeco-reset-base-padding-zero); border: var(--artdeco-reset-base-border-zero); vertical-align: var(--artdeco-reset-base-vertical-align-baseline); line-height: var(--line-height-open); color: rgba(0, 0, 0, 0.9); font-family: -apple-system, system-ui, BlinkMacSystemFont, 'Segoe UI', Roboto, 'Helvetica Neue', 'Fira Sans', Ubuntu, Oxygen, 'Oxygen Sans', Cantarell, 'Droid Sans', 'Apple Color Emoji', 'Segoe UI Emoji', 'Segoe UI Emoji', 'Segoe UI Symbol', 'Lucida Grande', Helvetica, Arial, sans-serif; pointer-events: all; caret-color: rgba(0, 0, 0, 0.9);\">\u00a0<\/p><p style=\"box-sizing: inherit; margin-bottom: var(--spacing-four-x); padding: var(--artdeco-reset-base-padding-zero); border: var(--artdeco-reset-base-border-zero); vertical-align: var(--artdeco-reset-base-vertical-align-baseline); line-height: var(--line-height-open); color: rgba(0, 0, 0, 0.9); font-family: -apple-system, system-ui, BlinkMacSystemFont, 'Segoe UI', Roboto, 'Helvetica Neue', 'Fira Sans', Ubuntu, Oxygen, 'Oxygen Sans', Cantarell, 'Droid Sans', 'Apple Color Emoji', 'Segoe UI Emoji', 'Segoe UI Emoji', 'Segoe UI Symbol', 'Lucida Grande', Helvetica, Arial, sans-serif; pointer-events: all; caret-color: rgba(0, 0, 0, 0.9);\">Mais dans les faits, combien d\u2019entreprises appliquent r\u00e9ellement cette exigence ? Et surtout, combien en mesurent l\u2019importance strat\u00e9gique, au-del\u00e0 de la seule conformit\u00e9 r\u00e9glementaire ?<\/p><p style=\"box-sizing: inherit; margin-bottom: var(--spacing-four-x); padding: var(--artdeco-reset-base-padding-zero); border: var(--artdeco-reset-base-border-zero); vertical-align: var(--artdeco-reset-base-vertical-align-baseline); line-height: var(--line-height-open); color: rgba(0, 0, 0, 0.9); font-family: -apple-system, system-ui, BlinkMacSystemFont, 'Segoe UI', Roboto, 'Helvetica Neue', 'Fira Sans', Ubuntu, Oxygen, 'Oxygen Sans', Cantarell, 'Droid Sans', 'Apple Color Emoji', 'Segoe UI Emoji', 'Segoe UI Emoji', 'Segoe UI Symbol', 'Lucida Grande', Helvetica, Arial, sans-serif; pointer-events: all; caret-color: rgba(0, 0, 0, 0.9);\">\u00a0<\/p><h3 style=\"box-sizing: inherit; margin-bottom: var(--spacing-two-x); padding: var(--artdeco-reset-base-padding-zero); border: var(--artdeco-reset-base-border-zero); font-size: var(--font-size-xlarge); vertical-align: var(--artdeco-reset-base-vertical-align-baseline); outline: var(--artdeco-reset-base-outline-zero); color: rgba(0, 0, 0, 0.9); line-height: var(--line-height-default); font-family: -apple-system, system-ui, BlinkMacSystemFont, 'Segoe UI', Roboto, 'Helvetica Neue', 'Fira Sans', Ubuntu, Oxygen, 'Oxygen Sans', Cantarell, 'Droid Sans', 'Apple Color Emoji', 'Segoe UI Emoji', 'Segoe UI Emoji', 'Segoe UI Symbol', 'Lucida Grande', Helvetica, Arial, sans-serif; caret-color: rgba(0, 0, 0, 0.9);\">Le p\u00e9rim\u00e8tre d\u2019un r\u00f4le sous-estim\u00e9<\/h3><p style=\"box-sizing: inherit; margin-bottom: var(--spacing-four-x); padding: var(--artdeco-reset-base-padding-zero); border: var(--artdeco-reset-base-border-zero); vertical-align: var(--artdeco-reset-base-vertical-align-baseline); line-height: var(--line-height-open); color: rgba(0, 0, 0, 0.9); font-family: -apple-system, system-ui, BlinkMacSystemFont, 'Segoe UI', Roboto, 'Helvetica Neue', 'Fira Sans', Ubuntu, Oxygen, 'Oxygen Sans', Cantarell, 'Droid Sans', 'Apple Color Emoji', 'Segoe UI Emoji', 'Segoe UI Emoji', 'Segoe UI Symbol', 'Lucida Grande', Helvetica, Arial, sans-serif; pointer-events: all; caret-color: rgba(0, 0, 0, 0.9);\">On r\u00e9sume souvent le r\u00f4le du travailleur d\u00e9sign\u00e9 \u00e0 une poign\u00e9e de t\u00e2ches administratives : mise \u00e0 jour du DUERP, rapports d\u2019accident, animation de quelques formations. En r\u00e9alit\u00e9, son r\u00f4le est bien plus large.<\/p><p style=\"box-sizing: inherit; margin-bottom: var(--spacing-four-x); padding: var(--artdeco-reset-base-padding-zero); border: var(--artdeco-reset-base-border-zero); vertical-align: var(--artdeco-reset-base-vertical-align-baseline); line-height: var(--line-height-open); color: rgba(0, 0, 0, 0.9); font-family: -apple-system, system-ui, BlinkMacSystemFont, 'Segoe UI', Roboto, 'Helvetica Neue', 'Fira Sans', Ubuntu, Oxygen, 'Oxygen Sans', Cantarell, 'Droid Sans', 'Apple Color Emoji', 'Segoe UI Emoji', 'Segoe UI Emoji', 'Segoe UI Symbol', 'Lucida Grande', Helvetica, Arial, sans-serif; pointer-events: all; caret-color: rgba(0, 0, 0, 0.9);\">Le travailleur d\u00e9sign\u00e9 doit avant tout <span style=\"box-sizing: inherit; margin: var(--artdeco-reset-base-margin-zero); padding: var(--artdeco-reset-base-padding-zero); border: var(--artdeco-reset-base-border-zero); font-size: var(--artdeco-reset-base-font-size-hundred-percent); vertical-align: var(--artdeco-reset-base-vertical-align-baseline); outline: var(--artdeco-reset-base-outline-zero); font-family: var(--artdeco-reset-typography-font-family-sans);\">identifier les dangers<\/span>, <span style=\"box-sizing: inherit; margin: var(--artdeco-reset-base-margin-zero); padding: var(--artdeco-reset-base-padding-zero); border: var(--artdeco-reset-base-border-zero); font-size: var(--artdeco-reset-base-font-size-hundred-percent); vertical-align: var(--artdeco-reset-base-vertical-align-baseline); outline: var(--artdeco-reset-base-outline-zero); font-family: var(--artdeco-reset-typography-font-family-sans);\">\u00e9valuer les risques<\/span>, <span style=\"box-sizing: inherit; margin: var(--artdeco-reset-base-margin-zero); padding: var(--artdeco-reset-base-padding-zero); border: var(--artdeco-reset-base-border-zero); font-size: var(--artdeco-reset-base-font-size-hundred-percent); vertical-align: var(--artdeco-reset-base-vertical-align-baseline); outline: var(--artdeco-reset-base-outline-zero); font-family: var(--artdeco-reset-typography-font-family-sans);\">pr\u00e9coniser des actions de pr\u00e9vention<\/span>, <span style=\"box-sizing: inherit; margin: var(--artdeco-reset-base-margin-zero); padding: var(--artdeco-reset-base-padding-zero); border: var(--artdeco-reset-base-border-zero); font-size: var(--artdeco-reset-base-font-size-hundred-percent); vertical-align: var(--artdeco-reset-base-vertical-align-baseline); outline: var(--artdeco-reset-base-outline-zero); font-family: var(--artdeco-reset-typography-font-family-sans);\">participer activement \u00e0 leur mise en \u0153uvre<\/span>, <span style=\"box-sizing: inherit; margin: var(--artdeco-reset-base-margin-zero); padding: var(--artdeco-reset-base-padding-zero); border: var(--artdeco-reset-base-border-zero); font-size: var(--artdeco-reset-base-font-size-hundred-percent); vertical-align: var(--artdeco-reset-base-vertical-align-baseline); outline: var(--artdeco-reset-base-outline-zero); font-family: var(--artdeco-reset-typography-font-family-sans);\">veiller \u00e0 la conformit\u00e9 du mat\u00e9riel<\/span>, <span style=\"box-sizing: inherit; margin: var(--artdeco-reset-base-margin-zero); padding: var(--artdeco-reset-base-padding-zero); border: var(--artdeco-reset-base-border-zero); font-size: var(--artdeco-reset-base-font-size-hundred-percent); vertical-align: var(--artdeco-reset-base-vertical-align-baseline); outline: var(--artdeco-reset-base-outline-zero); font-family: var(--artdeco-reset-typography-font-family-sans);\">analyser les incidents<\/span>, <span style=\"box-sizing: inherit; margin: var(--artdeco-reset-base-margin-zero); padding: var(--artdeco-reset-base-padding-zero); border: var(--artdeco-reset-base-border-zero); font-size: var(--artdeco-reset-base-font-size-hundred-percent); vertical-align: var(--artdeco-reset-base-vertical-align-baseline); outline: var(--artdeco-reset-base-outline-zero); font-family: var(--artdeco-reset-typography-font-family-sans);\">animer la sensibilisation des salari\u00e9s<\/span>, et <span style=\"box-sizing: inherit; margin: var(--artdeco-reset-base-margin-zero); padding: var(--artdeco-reset-base-padding-zero); border: var(--artdeco-reset-base-border-zero); font-size: var(--artdeco-reset-base-font-size-hundred-percent); vertical-align: var(--artdeco-reset-base-vertical-align-baseline); outline: var(--artdeco-reset-base-outline-zero); font-family: var(--artdeco-reset-typography-font-family-sans);\">assurer un suivi r\u00e9gulier<\/span> de la politique de s\u00e9curit\u00e9. Il est \u00e0 la fois vigie, p\u00e9dagogue, r\u00e9gulateur et conseiller. Il est l\u2019interm\u00e9diaire entre les exigences de la loi, les r\u00e9alit\u00e9s du terrain, et les imp\u00e9ratifs de performance de l\u2019entreprise.<\/p><p style=\"box-sizing: inherit; margin-bottom: var(--spacing-four-x); padding: var(--artdeco-reset-base-padding-zero); border: var(--artdeco-reset-base-border-zero); vertical-align: var(--artdeco-reset-base-vertical-align-baseline); line-height: var(--line-height-open); color: rgba(0, 0, 0, 0.9); font-family: -apple-system, system-ui, BlinkMacSystemFont, 'Segoe UI', Roboto, 'Helvetica Neue', 'Fira Sans', Ubuntu, Oxygen, 'Oxygen Sans', Cantarell, 'Droid Sans', 'Apple Color Emoji', 'Segoe UI Emoji', 'Segoe UI Emoji', 'Segoe UI Symbol', 'Lucida Grande', Helvetica, Arial, sans-serif; pointer-events: all; caret-color: rgba(0, 0, 0, 0.9);\">C\u2019est un poste qui ne supporte ni l\u2019improvisation ni l\u2019approximation.<\/p><p style=\"box-sizing: inherit; margin-bottom: var(--spacing-four-x); padding: var(--artdeco-reset-base-padding-zero); border: var(--artdeco-reset-base-border-zero); vertical-align: var(--artdeco-reset-base-vertical-align-baseline); line-height: var(--line-height-open); color: rgba(0, 0, 0, 0.9); font-family: -apple-system, system-ui, BlinkMacSystemFont, 'Segoe UI', Roboto, 'Helvetica Neue', 'Fira Sans', Ubuntu, Oxygen, 'Oxygen Sans', Cantarell, 'Droid Sans', 'Apple Color Emoji', 'Segoe UI Emoji', 'Segoe UI Emoji', 'Segoe UI Symbol', 'Lucida Grande', Helvetica, Arial, sans-serif; pointer-events: all; caret-color: rgba(0, 0, 0, 0.9);\">\u00a0<\/p><h3 style=\"box-sizing: inherit; margin-bottom: var(--spacing-two-x); padding: var(--artdeco-reset-base-padding-zero); border: var(--artdeco-reset-base-border-zero); font-size: var(--font-size-xlarge); vertical-align: var(--artdeco-reset-base-vertical-align-baseline); outline: var(--artdeco-reset-base-outline-zero); color: rgba(0, 0, 0, 0.9); line-height: var(--line-height-default); font-family: -apple-system, system-ui, BlinkMacSystemFont, 'Segoe UI', Roboto, 'Helvetica Neue', 'Fira Sans', Ubuntu, Oxygen, 'Oxygen Sans', Cantarell, 'Droid Sans', 'Apple Color Emoji', 'Segoe UI Emoji', 'Segoe UI Emoji', 'Segoe UI Symbol', 'Lucida Grande', Helvetica, Arial, sans-serif; caret-color: rgba(0, 0, 0, 0.9);\">Une exigence r\u00e9glementaire bien cadr\u00e9e<\/h3><p style=\"box-sizing: inherit; margin-bottom: var(--spacing-four-x); padding: var(--artdeco-reset-base-padding-zero); border: var(--artdeco-reset-base-border-zero); vertical-align: var(--artdeco-reset-base-vertical-align-baseline); line-height: var(--line-height-open); color: rgba(0, 0, 0, 0.9); font-family: -apple-system, system-ui, BlinkMacSystemFont, 'Segoe UI', Roboto, 'Helvetica Neue', 'Fira Sans', Ubuntu, Oxygen, 'Oxygen Sans', Cantarell, 'Droid Sans', 'Apple Color Emoji', 'Segoe UI Emoji', 'Segoe UI Emoji', 'Segoe UI Symbol', 'Lucida Grande', Helvetica, Arial, sans-serif; pointer-events: all; caret-color: rgba(0, 0, 0, 0.9);\">L\u2019article L.312-3 du Code du travail luxembourgeois est explicite : l\u2019employeur doit d\u00e9signer une ou plusieurs personnes comp\u00e9tentes pour s\u2019occuper des activit\u00e9s de pr\u00e9vention. Et le <span style=\"box-sizing: inherit; margin: var(--artdeco-reset-base-margin-zero); padding: var(--artdeco-reset-base-padding-zero); border: var(--artdeco-reset-base-border-zero); font-size: var(--artdeco-reset-base-font-size-hundred-percent); vertical-align: var(--artdeco-reset-base-vertical-align-baseline); outline: var(--artdeco-reset-base-outline-zero); font-family: var(--artdeco-reset-typography-font-family-sans);\">r\u00e8glement grand-ducal du 9 juin 2006<\/span>pr\u00e9cise les modalit\u00e9s, les obligations de formation, les temps \u00e0 y consacrer, et les possibilit\u00e9s de recours \u00e0 des prestataires externes.<\/p><p style=\"box-sizing: inherit; margin-bottom: var(--spacing-four-x); padding: var(--artdeco-reset-base-padding-zero); border: var(--artdeco-reset-base-border-zero); vertical-align: var(--artdeco-reset-base-vertical-align-baseline); line-height: var(--line-height-open); color: rgba(0, 0, 0, 0.9); font-family: -apple-system, system-ui, BlinkMacSystemFont, 'Segoe UI', Roboto, 'Helvetica Neue', 'Fira Sans', Ubuntu, Oxygen, 'Oxygen Sans', Cantarell, 'Droid Sans', 'Apple Color Emoji', 'Segoe UI Emoji', 'Segoe UI Emoji', 'Segoe UI Symbol', 'Lucida Grande', Helvetica, Arial, sans-serif; pointer-events: all; caret-color: rgba(0, 0, 0, 0.9);\">Contrairement \u00e0 une id\u00e9e re\u00e7ue, <span style=\"box-sizing: inherit; margin: var(--artdeco-reset-base-margin-zero); padding: var(--artdeco-reset-base-padding-zero); border: var(--artdeco-reset-base-border-zero); font-size: var(--artdeco-reset-base-font-size-hundred-percent); vertical-align: var(--artdeco-reset-base-vertical-align-baseline); outline: var(--artdeco-reset-base-outline-zero); font-family: var(--artdeco-reset-typography-font-family-sans);\">m\u00eame une TPE de 1 \u00e0 5 salari\u00e9s<\/span> dans le secteur tertiaire doit d\u00e9signer un travailleur comp\u00e9tent et lui attribuer un <span style=\"box-sizing: inherit; margin: var(--artdeco-reset-base-margin-zero); padding: var(--artdeco-reset-base-padding-zero); border: var(--artdeco-reset-base-border-zero); font-size: var(--artdeco-reset-base-font-size-hundred-percent); vertical-align: var(--artdeco-reset-base-vertical-align-baseline); outline: var(--artdeco-reset-base-outline-zero); font-family: var(--artdeco-reset-typography-font-family-sans);\">volume horaire minimal annuel<\/span>, d\u00e9termin\u00e9 par un bar\u00e8me officiel.<\/p><p style=\"box-sizing: inherit; margin-bottom: var(--spacing-four-x); padding: var(--artdeco-reset-base-padding-zero); border: var(--artdeco-reset-base-border-zero); vertical-align: var(--artdeco-reset-base-vertical-align-baseline); line-height: var(--line-height-open); color: rgba(0, 0, 0, 0.9); font-family: -apple-system, system-ui, BlinkMacSystemFont, 'Segoe UI', Roboto, 'Helvetica Neue', 'Fira Sans', Ubuntu, Oxygen, 'Oxygen Sans', Cantarell, 'Droid Sans', 'Apple Color Emoji', 'Segoe UI Emoji', 'Segoe UI Emoji', 'Segoe UI Symbol', 'Lucida Grande', Helvetica, Arial, sans-serif; pointer-events: all; caret-color: rgba(0, 0, 0, 0.9);\">Ces temps de r\u00e9f\u00e9rence sont d\u00e9finis selon <span style=\"box-sizing: inherit; margin: var(--artdeco-reset-base-margin-zero); padding: var(--artdeco-reset-base-padding-zero); border: var(--artdeco-reset-base-border-zero); font-size: var(--artdeco-reset-base-font-size-hundred-percent); vertical-align: var(--artdeco-reset-base-vertical-align-baseline); outline: var(--artdeco-reset-base-outline-zero); font-family: var(--artdeco-reset-typography-font-family-sans);\">le groupe de risque de l\u2019entreprise (A, B ou C)<\/span> et le nombre de salari\u00e9s. Par exemple, une entreprise industrielle (groupe A) de 20 personnes doit accorder <span style=\"box-sizing: inherit; margin: var(--artdeco-reset-base-margin-zero); padding: var(--artdeco-reset-base-padding-zero); border: var(--artdeco-reset-base-border-zero); font-size: var(--artdeco-reset-base-font-size-hundred-percent); vertical-align: var(--artdeco-reset-base-vertical-align-baseline); outline: var(--artdeco-reset-base-outline-zero); font-family: var(--artdeco-reset-typography-font-family-sans);\">40 heures<\/span> par an \u00e0 cette fonction. Une soci\u00e9t\u00e9 de conseil (groupe C) de 10 personnes devra en consacrer <span style=\"box-sizing: inherit; margin: var(--artdeco-reset-base-margin-zero); padding: var(--artdeco-reset-base-padding-zero); border: var(--artdeco-reset-base-border-zero); font-size: var(--artdeco-reset-base-font-size-hundred-percent); vertical-align: var(--artdeco-reset-base-vertical-align-baseline); outline: var(--artdeco-reset-base-outline-zero); font-family: var(--artdeco-reset-typography-font-family-sans);\">10 heures<\/span>.<\/p><p style=\"box-sizing: inherit; margin-bottom: var(--spacing-four-x); padding: var(--artdeco-reset-base-padding-zero); border: var(--artdeco-reset-base-border-zero); vertical-align: var(--artdeco-reset-base-vertical-align-baseline); line-height: var(--line-height-open); color: rgba(0, 0, 0, 0.9); font-family: -apple-system, system-ui, BlinkMacSystemFont, 'Segoe UI', Roboto, 'Helvetica Neue', 'Fira Sans', Ubuntu, Oxygen, 'Oxygen Sans', Cantarell, 'Droid Sans', 'Apple Color Emoji', 'Segoe UI Emoji', 'Segoe UI Emoji', 'Segoe UI Symbol', 'Lucida Grande', Helvetica, Arial, sans-serif; pointer-events: all; caret-color: rgba(0, 0, 0, 0.9);\">Il ne s\u2019agit pas d\u2019une recommandation, mais d\u2019une <span style=\"box-sizing: inherit; margin: var(--artdeco-reset-base-margin-zero); padding: var(--artdeco-reset-base-padding-zero); border: var(--artdeco-reset-base-border-zero); font-size: var(--artdeco-reset-base-font-size-hundred-percent); vertical-align: var(--artdeco-reset-base-vertical-align-baseline); outline: var(--artdeco-reset-base-outline-zero); font-family: var(--artdeco-reset-typography-font-family-sans);\">exigence r\u00e9glementaire v\u00e9rifiable<\/span>. Et lors des contr\u00f4les de l\u2019ITM (Inspection du Travail et des Mines), l\u2019un des premiers points examin\u00e9s est pr\u00e9cis\u00e9ment : <span style=\"box-sizing: inherit; margin: var(--artdeco-reset-base-margin-zero); padding: var(--artdeco-reset-base-padding-zero); border: var(--artdeco-reset-base-border-zero); font-size: var(--artdeco-reset-base-font-size-hundred-percent); vertical-align: var(--artdeco-reset-base-vertical-align-baseline); outline: var(--artdeco-reset-base-outline-zero); font-style: var(--artdeco-reset-typography-font-style-italic); font-family: var(--artdeco-reset-typography-font-family-sans);\">l\u2019entreprise a-t-elle d\u00e9sign\u00e9 un travailleur ? Est-il form\u00e9 ? A-t-il eu les heures n\u00e9cessaires ?<\/span><\/p><p style=\"box-sizing: inherit; margin-bottom: var(--spacing-four-x); padding: var(--artdeco-reset-base-padding-zero); border: var(--artdeco-reset-base-border-zero); vertical-align: var(--artdeco-reset-base-vertical-align-baseline); line-height: var(--line-height-open); color: rgba(0, 0, 0, 0.9); font-family: -apple-system, system-ui, BlinkMacSystemFont, 'Segoe UI', Roboto, 'Helvetica Neue', 'Fira Sans', Ubuntu, Oxygen, 'Oxygen Sans', Cantarell, 'Droid Sans', 'Apple Color Emoji', 'Segoe UI Emoji', 'Segoe UI Emoji', 'Segoe UI Symbol', 'Lucida Grande', Helvetica, Arial, sans-serif; pointer-events: all; caret-color: rgba(0, 0, 0, 0.9);\"><span style=\"box-sizing: inherit; margin: var(--artdeco-reset-base-margin-zero); padding: var(--artdeco-reset-base-padding-zero); border: var(--artdeco-reset-base-border-zero); font-size: var(--artdeco-reset-base-font-size-hundred-percent); vertical-align: var(--artdeco-reset-base-vertical-align-baseline); outline: var(--artdeco-reset-base-outline-zero); font-style: var(--artdeco-reset-typography-font-style-italic); font-family: var(--artdeco-reset-typography-font-family-sans);\">\u00a0<\/span><\/p><h3 style=\"box-sizing: inherit; margin-bottom: var(--spacing-two-x); padding: var(--artdeco-reset-base-padding-zero); border: var(--artdeco-reset-base-border-zero); font-size: var(--font-size-xlarge); vertical-align: var(--artdeco-reset-base-vertical-align-baseline); outline: var(--artdeco-reset-base-outline-zero); color: rgba(0, 0, 0, 0.9); line-height: var(--line-height-default); font-family: -apple-system, system-ui, BlinkMacSystemFont, 'Segoe UI', Roboto, 'Helvetica Neue', 'Fira Sans', Ubuntu, Oxygen, 'Oxygen Sans', Cantarell, 'Droid Sans', 'Apple Color Emoji', 'Segoe UI Emoji', 'Segoe UI Emoji', 'Segoe UI Symbol', 'Lucida Grande', Helvetica, Arial, sans-serif; caret-color: rgba(0, 0, 0, 0.9);\">L\u2019alternative l\u00e9gale : sous-traiter, mais intelligemment<\/h3><p style=\"box-sizing: inherit; margin-bottom: var(--spacing-four-x); padding: var(--artdeco-reset-base-padding-zero); border: var(--artdeco-reset-base-border-zero); vertical-align: var(--artdeco-reset-base-vertical-align-baseline); line-height: var(--line-height-open); color: rgba(0, 0, 0, 0.9); font-family: -apple-system, system-ui, BlinkMacSystemFont, 'Segoe UI', Roboto, 'Helvetica Neue', 'Fira Sans', Ubuntu, Oxygen, 'Oxygen Sans', Cantarell, 'Droid Sans', 'Apple Color Emoji', 'Segoe UI Emoji', 'Segoe UI Emoji', 'Segoe UI Symbol', 'Lucida Grande', Helvetica, Arial, sans-serif; pointer-events: all; caret-color: rgba(0, 0, 0, 0.9);\">Toutes les entreprises ne disposent pas des ressources internes pour remplir correctement cette mission. Et la loi en tient compte. Le <span style=\"box-sizing: inherit; margin: var(--artdeco-reset-base-margin-zero); padding: var(--artdeco-reset-base-padding-zero); border: var(--artdeco-reset-base-border-zero); font-size: var(--artdeco-reset-base-font-size-hundred-percent); vertical-align: var(--artdeco-reset-base-vertical-align-baseline); outline: var(--artdeco-reset-base-outline-zero); font-family: var(--artdeco-reset-typography-font-family-sans);\">r\u00e8glement grand-ducal<\/span>, \u00e0 son article 7, ouvre la voie au <span style=\"box-sizing: inherit; margin: var(--artdeco-reset-base-margin-zero); padding: var(--artdeco-reset-base-padding-zero); border: var(--artdeco-reset-base-border-zero); font-size: var(--artdeco-reset-base-font-size-hundred-percent); vertical-align: var(--artdeco-reset-base-vertical-align-baseline); outline: var(--artdeco-reset-base-outline-zero); font-family: var(--artdeco-reset-typography-font-family-sans);\">recours \u00e0 un prestataire externe<\/span>, \u00e0 condition que ce dernier soit <span style=\"box-sizing: inherit; margin: var(--artdeco-reset-base-margin-zero); padding: var(--artdeco-reset-base-padding-zero); border: var(--artdeco-reset-base-border-zero); font-size: var(--artdeco-reset-base-font-size-hundred-percent); vertical-align: var(--artdeco-reset-base-vertical-align-baseline); outline: var(--artdeco-reset-base-outline-zero); font-family: var(--artdeco-reset-typography-font-family-sans);\">comp\u00e9tent et dot\u00e9 des moyens n\u00e9cessaires<\/span>.<\/p><p style=\"box-sizing: inherit; margin-bottom: var(--spacing-four-x); padding: var(--artdeco-reset-base-padding-zero); border: var(--artdeco-reset-base-border-zero); vertical-align: var(--artdeco-reset-base-vertical-align-baseline); line-height: var(--line-height-open); color: rgba(0, 0, 0, 0.9); font-family: -apple-system, system-ui, BlinkMacSystemFont, 'Segoe UI', Roboto, 'Helvetica Neue', 'Fira Sans', Ubuntu, Oxygen, 'Oxygen Sans', Cantarell, 'Droid Sans', 'Apple Color Emoji', 'Segoe UI Emoji', 'Segoe UI Emoji', 'Segoe UI Symbol', 'Lucida Grande', Helvetica, Arial, sans-serif; pointer-events: all; caret-color: rgba(0, 0, 0, 0.9);\">Ce choix peut \u00eatre strat\u00e9gique. Confier cette mission \u00e0 un professionnel exp\u00e9riment\u00e9 permet de :<\/p><p style=\"box-sizing: inherit; margin-bottom: var(--spacing-four-x); padding: var(--artdeco-reset-base-padding-zero); border: var(--artdeco-reset-base-border-zero); vertical-align: var(--artdeco-reset-base-vertical-align-baseline); line-height: var(--line-height-open); color: rgba(0, 0, 0, 0.9); font-family: -apple-system, system-ui, BlinkMacSystemFont, 'Segoe UI', Roboto, 'Helvetica Neue', 'Fira Sans', Ubuntu, Oxygen, 'Oxygen Sans', Cantarell, 'Droid Sans', 'Apple Color Emoji', 'Segoe UI Emoji', 'Segoe UI Emoji', 'Segoe UI Symbol', 'Lucida Grande', Helvetica, Arial, sans-serif; pointer-events: all; caret-color: rgba(0, 0, 0, 0.9);\">\u00a0<\/p><ul style=\"caret-color: #000000; font-family: var(--artdeco-reset-typography-font-family-sans); box-sizing: inherit; margin-bottom: var(--spacing-four-x); padding-left: var(--spacing-four-x); border: var(--artdeco-reset-base-border-zero); font-size: var(--font-size-medium); vertical-align: var(--artdeco-reset-base-vertical-align-baseline); line-height: var(--line-height-open);\"><li style=\"box-sizing: inherit; margin-bottom: var(--spacing-one-x); padding-left: var(--spacing-one-x); border: var(--artdeco-reset-base-border-zero); font-size: var(--artdeco-reset-base-font-size-hundred-percent); vertical-align: var(--artdeco-reset-base-vertical-align-baseline); font-family: var(--artdeco-reset-typography-font-family-sans);\">S&rsquo;assurer d\u2019une <span style=\"box-sizing: inherit; margin: var(--artdeco-reset-base-margin-zero); padding: var(--artdeco-reset-base-padding-zero); border: var(--artdeco-reset-base-border-zero); font-size: var(--artdeco-reset-base-font-size-hundred-percent); vertical-align: var(--artdeco-reset-base-vertical-align-baseline); outline: var(--artdeco-reset-base-outline-zero); font-family: var(--artdeco-reset-typography-font-family-sans);\">veille r\u00e9glementaire continue<\/span>,<\/li><li style=\"box-sizing: inherit; margin-bottom: var(--spacing-one-x); padding-left: var(--spacing-one-x); border: var(--artdeco-reset-base-border-zero); font-size: var(--artdeco-reset-base-font-size-hundred-percent); vertical-align: var(--artdeco-reset-base-vertical-align-baseline); font-family: var(--artdeco-reset-typography-font-family-sans);\">B\u00e9n\u00e9ficier d\u2019un regard neuf et neutre sur les risques,<\/li><li style=\"box-sizing: inherit; margin-bottom: var(--spacing-one-x); padding-left: var(--spacing-one-x); border: var(--artdeco-reset-base-border-zero); font-size: var(--artdeco-reset-base-font-size-hundred-percent); vertical-align: var(--artdeco-reset-base-vertical-align-baseline); font-family: var(--artdeco-reset-typography-font-family-sans);\">Gagner un temps consid\u00e9rable sur les analyses et les plans d\u2019actions,<\/li><li style=\"box-sizing: inherit; margin-bottom: var(--spacing-one-x); padding-left: var(--spacing-one-x); border: var(--artdeco-reset-base-border-zero); font-size: var(--artdeco-reset-base-font-size-hundred-percent); vertical-align: var(--artdeco-reset-base-vertical-align-baseline); font-family: var(--artdeco-reset-typography-font-family-sans);\">Renforcer la cr\u00e9dibilit\u00e9 de la politique SST vis-\u00e0-vis des partenaires, des salari\u00e9s et des donneurs d\u2019ordre.<\/li><\/ul><p style=\"caret-color: #000000; color: #000000;\">\u00a0<\/p><p style=\"box-sizing: inherit; margin-bottom: var(--spacing-four-x); padding: var(--artdeco-reset-base-padding-zero); border: var(--artdeco-reset-base-border-zero); vertical-align: var(--artdeco-reset-base-vertical-align-baseline); line-height: var(--line-height-open); color: rgba(0, 0, 0, 0.9); font-family: -apple-system, system-ui, BlinkMacSystemFont, 'Segoe UI', Roboto, 'Helvetica Neue', 'Fira Sans', Ubuntu, Oxygen, 'Oxygen Sans', Cantarell, 'Droid Sans', 'Apple Color Emoji', 'Segoe UI Emoji', 'Segoe UI Emoji', 'Segoe UI Symbol', 'Lucida Grande', Helvetica, Arial, sans-serif; pointer-events: all; caret-color: rgba(0, 0, 0, 0.9);\">Ce mod\u00e8le est aujourd\u2019hui courant, notamment dans les entreprises du secteur tertiaire, les \u00e9tablissements financiers, les cabinets d\u2019ing\u00e9nierie ou encore les structures associatives. Mais il est \u00e9galement de plus en plus adopt\u00e9 dans l\u2019industrie ou la logistique, o\u00f9 l\u2019exigence de conformit\u00e9 est renforc\u00e9e par la complexit\u00e9 des risques.<\/p><p style=\"box-sizing: inherit; margin-bottom: var(--spacing-four-x); padding: var(--artdeco-reset-base-padding-zero); border: var(--artdeco-reset-base-border-zero); vertical-align: var(--artdeco-reset-base-vertical-align-baseline); line-height: var(--line-height-open); color: rgba(0, 0, 0, 0.9); font-family: -apple-system, system-ui, BlinkMacSystemFont, 'Segoe UI', Roboto, 'Helvetica Neue', 'Fira Sans', Ubuntu, Oxygen, 'Oxygen Sans', Cantarell, 'Droid Sans', 'Apple Color Emoji', 'Segoe UI Emoji', 'Segoe UI Emoji', 'Segoe UI Symbol', 'Lucida Grande', Helvetica, Arial, sans-serif; pointer-events: all; caret-color: rgba(0, 0, 0, 0.9);\">\u00c0 noter toutefois : <span style=\"box-sizing: inherit; margin: var(--artdeco-reset-base-margin-zero); padding: var(--artdeco-reset-base-padding-zero); border: var(--artdeco-reset-base-border-zero); font-size: var(--artdeco-reset-base-font-size-hundred-percent); vertical-align: var(--artdeco-reset-base-vertical-align-baseline); outline: var(--artdeco-reset-base-outline-zero); font-family: var(--artdeco-reset-typography-font-family-sans);\">externaliser ne signifie pas se d\u00e9responsabiliser<\/span>. Le chef d\u2019entreprise reste l\u00e9galement responsable du respect des obligations SST. Il lui appartient de choisir un prestataire fiable, reconnu, form\u00e9, et capable de justifier des actions entreprises.<\/p><p style=\"box-sizing: inherit; margin-bottom: var(--spacing-four-x); padding: var(--artdeco-reset-base-padding-zero); border: var(--artdeco-reset-base-border-zero); vertical-align: var(--artdeco-reset-base-vertical-align-baseline); line-height: var(--line-height-open); color: rgba(0, 0, 0, 0.9); font-family: -apple-system, system-ui, BlinkMacSystemFont, 'Segoe UI', Roboto, 'Helvetica Neue', 'Fira Sans', Ubuntu, Oxygen, 'Oxygen Sans', Cantarell, 'Droid Sans', 'Apple Color Emoji', 'Segoe UI Emoji', 'Segoe UI Emoji', 'Segoe UI Symbol', 'Lucida Grande', Helvetica, Arial, sans-serif; pointer-events: all; caret-color: rgba(0, 0, 0, 0.9);\">\u00a0<\/p><h3 style=\"box-sizing: inherit; margin-bottom: var(--spacing-two-x); padding: var(--artdeco-reset-base-padding-zero); border: var(--artdeco-reset-base-border-zero); font-size: var(--font-size-xlarge); vertical-align: var(--artdeco-reset-base-vertical-align-baseline); outline: var(--artdeco-reset-base-outline-zero); color: rgba(0, 0, 0, 0.9); line-height: var(--line-height-default); font-family: -apple-system, system-ui, BlinkMacSystemFont, 'Segoe UI', Roboto, 'Helvetica Neue', 'Fira Sans', Ubuntu, Oxygen, 'Oxygen Sans', Cantarell, 'Droid Sans', 'Apple Color Emoji', 'Segoe UI Emoji', 'Segoe UI Emoji', 'Segoe UI Symbol', 'Lucida Grande', Helvetica, Arial, sans-serif; caret-color: rgba(0, 0, 0, 0.9);\">Quand l\u2019absence de travailleur d\u00e9sign\u00e9 devient un risque en soi<\/h3><p style=\"box-sizing: inherit; margin-bottom: var(--spacing-four-x); padding: var(--artdeco-reset-base-padding-zero); border: var(--artdeco-reset-base-border-zero); vertical-align: var(--artdeco-reset-base-vertical-align-baseline); line-height: var(--line-height-open); color: rgba(0, 0, 0, 0.9); font-family: -apple-system, system-ui, BlinkMacSystemFont, 'Segoe UI', Roboto, 'Helvetica Neue', 'Fira Sans', Ubuntu, Oxygen, 'Oxygen Sans', Cantarell, 'Droid Sans', 'Apple Color Emoji', 'Segoe UI Emoji', 'Segoe UI Emoji', 'Segoe UI Symbol', 'Lucida Grande', Helvetica, Arial, sans-serif; pointer-events: all; caret-color: rgba(0, 0, 0, 0.9);\">Ignorer cette obligation expose l\u2019entreprise \u00e0 plusieurs risques. D\u2019abord un risque juridique : <span style=\"box-sizing: inherit; margin: var(--artdeco-reset-base-margin-zero); padding: var(--artdeco-reset-base-padding-zero); border: var(--artdeco-reset-base-border-zero); font-size: var(--artdeco-reset-base-font-size-hundred-percent); vertical-align: var(--artdeco-reset-base-vertical-align-baseline); outline: var(--artdeco-reset-base-outline-zero); font-family: var(--artdeco-reset-typography-font-family-sans);\">l\u2019absence de d\u00e9signation<\/span>, l\u2019<span style=\"box-sizing: inherit; margin: var(--artdeco-reset-base-margin-zero); padding: var(--artdeco-reset-base-padding-zero); border: var(--artdeco-reset-base-border-zero); font-size: var(--artdeco-reset-base-font-size-hundred-percent); vertical-align: var(--artdeco-reset-base-vertical-align-baseline); outline: var(--artdeco-reset-base-outline-zero); font-family: var(--artdeco-reset-typography-font-family-sans);\">insuffisance du volume horaire<\/span>, ou la <span style=\"box-sizing: inherit; margin: var(--artdeco-reset-base-margin-zero); padding: var(--artdeco-reset-base-padding-zero); border: var(--artdeco-reset-base-border-zero); font-size: var(--artdeco-reset-base-font-size-hundred-percent); vertical-align: var(--artdeco-reset-base-vertical-align-baseline); outline: var(--artdeco-reset-base-outline-zero); font-family: var(--artdeco-reset-typography-font-family-sans);\">non-conformit\u00e9 des actions<\/span> peuvent entra\u00eener des <span style=\"box-sizing: inherit; margin: var(--artdeco-reset-base-margin-zero); padding: var(--artdeco-reset-base-padding-zero); border: var(--artdeco-reset-base-border-zero); font-size: var(--artdeco-reset-base-font-size-hundred-percent); vertical-align: var(--artdeco-reset-base-vertical-align-baseline); outline: var(--artdeco-reset-base-outline-zero); font-family: var(--artdeco-reset-typography-font-family-sans);\">sanctions administratives ou p\u00e9nales<\/span> en cas de contr\u00f4le. Ensuite, un risque social et humain : <span style=\"box-sizing: inherit; margin: var(--artdeco-reset-base-margin-zero); padding: var(--artdeco-reset-base-padding-zero); border: var(--artdeco-reset-base-border-zero); font-size: var(--artdeco-reset-base-font-size-hundred-percent); vertical-align: var(--artdeco-reset-base-vertical-align-baseline); outline: var(--artdeco-reset-base-outline-zero); font-family: var(--artdeco-reset-typography-font-family-sans);\">en cas d\u2019accident du travail ou de maladie professionnelle<\/span>, l\u2019absence de politique de pr\u00e9vention active peut <span style=\"box-sizing: inherit; margin: var(--artdeco-reset-base-margin-zero); padding: var(--artdeco-reset-base-padding-zero); border: var(--artdeco-reset-base-border-zero); font-size: var(--artdeco-reset-base-font-size-hundred-percent); vertical-align: var(--artdeco-reset-base-vertical-align-baseline); outline: var(--artdeco-reset-base-outline-zero); font-family: var(--artdeco-reset-typography-font-family-sans);\">aggraver la responsabilit\u00e9 de l\u2019employeur<\/span> devant les juridictions civiles ou sociales.<\/p><p style=\"box-sizing: inherit; margin-bottom: var(--spacing-four-x); padding: var(--artdeco-reset-base-padding-zero); border: var(--artdeco-reset-base-border-zero); vertical-align: var(--artdeco-reset-base-vertical-align-baseline); line-height: var(--line-height-open); color: rgba(0, 0, 0, 0.9); font-family: -apple-system, system-ui, BlinkMacSystemFont, 'Segoe UI', Roboto, 'Helvetica Neue', 'Fira Sans', Ubuntu, Oxygen, 'Oxygen Sans', Cantarell, 'Droid Sans', 'Apple Color Emoji', 'Segoe UI Emoji', 'Segoe UI Emoji', 'Segoe UI Symbol', 'Lucida Grande', Helvetica, Arial, sans-serif; pointer-events: all; caret-color: rgba(0, 0, 0, 0.9);\">Et enfin, un risque de r\u00e9putation : pour une entreprise, \u00eatre per\u00e7ue comme laxiste en mati\u00e8re de s\u00e9curit\u00e9 est un signal faible&#8230; mais redoutable. Surtout dans des secteurs o\u00f9 la <span style=\"box-sizing: inherit; margin: var(--artdeco-reset-base-margin-zero); padding: var(--artdeco-reset-base-padding-zero); border: var(--artdeco-reset-base-border-zero); font-size: var(--artdeco-reset-base-font-size-hundred-percent); vertical-align: var(--artdeco-reset-base-vertical-align-baseline); outline: var(--artdeco-reset-base-outline-zero); font-family: var(--artdeco-reset-typography-font-family-sans);\">notation RSE<\/span> ou les <span style=\"box-sizing: inherit; margin: var(--artdeco-reset-base-margin-zero); padding: var(--artdeco-reset-base-padding-zero); border: var(--artdeco-reset-base-border-zero); font-size: var(--artdeco-reset-base-font-size-hundred-percent); vertical-align: var(--artdeco-reset-base-vertical-align-baseline); outline: var(--artdeco-reset-base-outline-zero); font-family: var(--artdeco-reset-typography-font-family-sans);\">r\u00e9f\u00e9rentiels QSE<\/span> jouent un r\u00f4le croissant.<\/p><p style=\"box-sizing: inherit; margin-bottom: var(--spacing-four-x); padding: var(--artdeco-reset-base-padding-zero); border: var(--artdeco-reset-base-border-zero); vertical-align: var(--artdeco-reset-base-vertical-align-baseline); line-height: var(--line-height-open); color: rgba(0, 0, 0, 0.9); font-family: -apple-system, system-ui, BlinkMacSystemFont, 'Segoe UI', Roboto, 'Helvetica Neue', 'Fira Sans', Ubuntu, Oxygen, 'Oxygen Sans', Cantarell, 'Droid Sans', 'Apple Color Emoji', 'Segoe UI Emoji', 'Segoe UI Emoji', 'Segoe UI Symbol', 'Lucida Grande', Helvetica, Arial, sans-serif; pointer-events: all; caret-color: rgba(0, 0, 0, 0.9);\">\u00a0<\/p><h3 style=\"box-sizing: inherit; margin-bottom: var(--spacing-two-x); padding: var(--artdeco-reset-base-padding-zero); border: var(--artdeco-reset-base-border-zero); font-size: var(--font-size-xlarge); vertical-align: var(--artdeco-reset-base-vertical-align-baseline); outline: var(--artdeco-reset-base-outline-zero); color: rgba(0, 0, 0, 0.9); line-height: var(--line-height-default); font-family: -apple-system, system-ui, BlinkMacSystemFont, 'Segoe UI', Roboto, 'Helvetica Neue', 'Fira Sans', Ubuntu, Oxygen, 'Oxygen Sans', Cantarell, 'Droid Sans', 'Apple Color Emoji', 'Segoe UI Emoji', 'Segoe UI Emoji', 'Segoe UI Symbol', 'Lucida Grande', Helvetica, Arial, sans-serif; caret-color: rgba(0, 0, 0, 0.9);\">Un poste souvent vu comme une charge\u2026 alors qu\u2019il est un levier<\/h3><p style=\"box-sizing: inherit; margin-bottom: var(--spacing-four-x); padding: var(--artdeco-reset-base-padding-zero); border: var(--artdeco-reset-base-border-zero); vertical-align: var(--artdeco-reset-base-vertical-align-baseline); line-height: var(--line-height-open); color: rgba(0, 0, 0, 0.9); font-family: -apple-system, system-ui, BlinkMacSystemFont, 'Segoe UI', Roboto, 'Helvetica Neue', 'Fira Sans', Ubuntu, Oxygen, 'Oxygen Sans', Cantarell, 'Droid Sans', 'Apple Color Emoji', 'Segoe UI Emoji', 'Segoe UI Emoji', 'Segoe UI Symbol', 'Lucida Grande', Helvetica, Arial, sans-serif; pointer-events: all; caret-color: rgba(0, 0, 0, 0.9);\">Il est encore trop fr\u00e9quent d\u2019entendre \u00ab on n\u2019a pas besoin de travailleur d\u00e9sign\u00e9, on n\u2019a jamais eu d\u2019accident \u00bb ou \u00ab ce n\u2019est pas prioritaire pour nous \u00bb. Pourtant, dans la r\u00e9alit\u00e9, <span style=\"box-sizing: inherit; margin: var(--artdeco-reset-base-margin-zero); padding: var(--artdeco-reset-base-padding-zero); border: var(--artdeco-reset-base-border-zero); font-size: var(--artdeco-reset-base-font-size-hundred-percent); vertical-align: var(--artdeco-reset-base-vertical-align-baseline); outline: var(--artdeco-reset-base-outline-zero); font-family: var(--artdeco-reset-typography-font-family-sans);\">les accidents arrivent aussi dans les structures les mieux organis\u00e9es<\/span>, et souvent sur des gestes simples, routiniers, qu\u2019on ne pense plus \u00e0 remettre en question.<\/p><p style=\"box-sizing: inherit; margin-bottom: var(--spacing-four-x); padding: var(--artdeco-reset-base-padding-zero); border: var(--artdeco-reset-base-border-zero); vertical-align: var(--artdeco-reset-base-vertical-align-baseline); line-height: var(--line-height-open); color: rgba(0, 0, 0, 0.9); font-family: -apple-system, system-ui, BlinkMacSystemFont, 'Segoe UI', Roboto, 'Helvetica Neue', 'Fira Sans', Ubuntu, Oxygen, 'Oxygen Sans', Cantarell, 'Droid Sans', 'Apple Color Emoji', 'Segoe UI Emoji', 'Segoe UI Emoji', 'Segoe UI Symbol', 'Lucida Grande', Helvetica, Arial, sans-serif; pointer-events: all; caret-color: rgba(0, 0, 0, 0.9);\">D\u00e9signer un professionnel de la pr\u00e9vention, que ce soit en interne ou en externe, c\u2019est anticiper, structurer et rationaliser les efforts. C\u2019est aussi <span style=\"box-sizing: inherit; margin: var(--artdeco-reset-base-margin-zero); padding: var(--artdeco-reset-base-padding-zero); border: var(--artdeco-reset-base-border-zero); font-size: var(--artdeco-reset-base-font-size-hundred-percent); vertical-align: var(--artdeco-reset-base-vertical-align-baseline); outline: var(--artdeco-reset-base-outline-zero); font-family: var(--artdeco-reset-typography-font-family-sans);\">transformer la pr\u00e9vention en outil de performance<\/span>. Un bon travailleur d\u00e9sign\u00e9 peut faire \u00e9conomiser \u00e0 l\u2019entreprise bien plus que ce qu\u2019il co\u00fbte : baisse des arr\u00eats de travail, r\u00e9duction du turn-over, am\u00e9lioration du climat social, meilleure r\u00e9tention des talents.<\/p><p style=\"box-sizing: inherit; margin-bottom: var(--spacing-four-x); padding: var(--artdeco-reset-base-padding-zero); border: var(--artdeco-reset-base-border-zero); vertical-align: var(--artdeco-reset-base-vertical-align-baseline); line-height: var(--line-height-open); color: rgba(0, 0, 0, 0.9); font-family: -apple-system, system-ui, BlinkMacSystemFont, 'Segoe UI', Roboto, 'Helvetica Neue', 'Fira Sans', Ubuntu, Oxygen, 'Oxygen Sans', Cantarell, 'Droid Sans', 'Apple Color Emoji', 'Segoe UI Emoji', 'Segoe UI Emoji', 'Segoe UI Symbol', 'Lucida Grande', Helvetica, Arial, sans-serif; pointer-events: all; caret-color: rgba(0, 0, 0, 0.9);\">\u00a0<\/p><h3 style=\"box-sizing: inherit; margin-bottom: var(--spacing-two-x); padding: var(--artdeco-reset-base-padding-zero); border: var(--artdeco-reset-base-border-zero); font-size: var(--font-size-xlarge); vertical-align: var(--artdeco-reset-base-vertical-align-baseline); outline: var(--artdeco-reset-base-outline-zero); color: rgba(0, 0, 0, 0.9); line-height: var(--line-height-default); font-family: -apple-system, system-ui, BlinkMacSystemFont, 'Segoe UI', Roboto, 'Helvetica Neue', 'Fira Sans', Ubuntu, Oxygen, 'Oxygen Sans', Cantarell, 'Droid Sans', 'Apple Color Emoji', 'Segoe UI Emoji', 'Segoe UI Emoji', 'Segoe UI Symbol', 'Lucida Grande', Helvetica, Arial, sans-serif; caret-color: rgba(0, 0, 0, 0.9);\">En r\u00e9sum\u00e9<\/h3><p style=\"box-sizing: inherit; margin-bottom: var(--spacing-four-x); padding: var(--artdeco-reset-base-padding-zero); border: var(--artdeco-reset-base-border-zero); vertical-align: var(--artdeco-reset-base-vertical-align-baseline); line-height: var(--line-height-open); color: rgba(0, 0, 0, 0.9); font-family: -apple-system, system-ui, BlinkMacSystemFont, 'Segoe UI', Roboto, 'Helvetica Neue', 'Fira Sans', Ubuntu, Oxygen, 'Oxygen Sans', Cantarell, 'Droid Sans', 'Apple Color Emoji', 'Segoe UI Emoji', 'Segoe UI Emoji', 'Segoe UI Symbol', 'Lucida Grande', Helvetica, Arial, sans-serif; pointer-events: all; caret-color: rgba(0, 0, 0, 0.9);\">Le travailleur d\u00e9sign\u00e9 n\u2019est pas une case administrative \u00e0 cocher. C\u2019est <span style=\"box-sizing: inherit; margin: var(--artdeco-reset-base-margin-zero); padding: var(--artdeco-reset-base-padding-zero); border: var(--artdeco-reset-base-border-zero); font-size: var(--artdeco-reset-base-font-size-hundred-percent); vertical-align: var(--artdeco-reset-base-vertical-align-baseline); outline: var(--artdeco-reset-base-outline-zero); font-family: var(--artdeco-reset-typography-font-family-sans);\">l\u2019architecte discret de la sant\u00e9 au travail<\/span>, celui qui observe, conseille, r\u00e9agit, structure. En faire un partenaire strat\u00e9gique \u2013 qu\u2019il soit interne ou externe \u2013 n\u2019est pas simplement se conformer \u00e0 la loi. C\u2019est <span style=\"box-sizing: inherit; margin: var(--artdeco-reset-base-margin-zero); padding: var(--artdeco-reset-base-padding-zero); border: var(--artdeco-reset-base-border-zero); font-size: var(--artdeco-reset-base-font-size-hundred-percent); vertical-align: var(--artdeco-reset-base-vertical-align-baseline); outline: var(--artdeco-reset-base-outline-zero); font-family: var(--artdeco-reset-typography-font-family-sans);\">faire le choix de la vigilance, du respect, et de la performance durable<\/span>.<\/p>\t\t\t\t\t\t\t\t<\/div>\n\t\t\t\t<\/div>\n\t\t\t\t\t<\/div>\n\t\t\t\t<\/div>\n\t\t\t\t<\/div>","protected":false},"excerpt":{"rendered":"<p>Si la s\u00e9curit\u00e9 au travail \u00e9tait un orchestre, le travailleur d\u00e9sign\u00e9 en serait le chef discret mais essentiel. Peu m\u00e9diatis\u00e9e, parfois m\u00e9connue, cette fonction est pourtant une obligation l\u00e9gale au Luxembourg, applicable d\u00e8s le premier salari\u00e9. Elle constitue l\u2019un des piliers du syst\u00e8me de pr\u00e9vention dans toutes les structures professionnelles du pays, quel que soit [&hellip;]<\/p>","protected":false},"author":1,"featured_media":2608,"comment_status":"closed","ping_status":"open","sticky":false,"template":"","format":"standard","meta":{"_jetpack_memberships_contains_paid_content":false,"footnotes":""},"categories":[1],"tags":[],"class_list":["post-2607","post","type-post","status-publish","format-standard","has-post-thumbnail","hentry","category-blog"],"yoast_head":"<!-- This site is optimized with the Yoast SEO plugin v25.4 - https:\/\/yoast.com\/wordpress\/plugins\/seo\/ -->\n<title>RISKWATCH #17 Travailleur d\u00e9sign\u00e9 : l\u2019obligation qui structure la pr\u00e9vention en entreprise - OFSIP<\/title>\n<meta name=\"robots\" content=\"index, follow, max-snippet:-1, max-image-preview:large, max-video-preview:-1\" \/>\n<link rel=\"canonical\" href=\"https:\/\/ofsip.lu\/en\/riskwatch-17-travailleur-designe-lobligation-qui-structure-la-prevention-en-entreprise\/\" \/>\n<meta property=\"og:locale\" content=\"en_GB\" \/>\n<meta property=\"og:type\" content=\"article\" \/>\n<meta property=\"og:title\" content=\"RISKWATCH #17 Travailleur d\u00e9sign\u00e9 : l\u2019obligation qui structure la pr\u00e9vention en entreprise - OFSIP\" \/>\n<meta property=\"og:description\" content=\"Si la s\u00e9curit\u00e9 au travail \u00e9tait un orchestre, le travailleur d\u00e9sign\u00e9 en serait le chef discret mais essentiel. Peu m\u00e9diatis\u00e9e, parfois m\u00e9connue, cette fonction est pourtant une obligation l\u00e9gale au Luxembourg, applicable d\u00e8s le premier salari\u00e9. Elle constitue l\u2019un des piliers du syst\u00e8me de pr\u00e9vention dans toutes les structures professionnelles du pays, quel que soit [&hellip;]\" \/>\n<meta property=\"og:url\" content=\"https:\/\/ofsip.lu\/en\/riskwatch-17-travailleur-designe-lobligation-qui-structure-la-prevention-en-entreprise\/\" \/>\n<meta property=\"og:site_name\" content=\"OFSIP\" \/>\n<meta property=\"article:published_time\" content=\"2025-07-23T12:22:23+00:00\" \/>\n<meta property=\"article:modified_time\" content=\"2025-07-23T12:26:44+00:00\" \/>\n<meta property=\"og:image\" content=\"https:\/\/ofsip.lu\/wp-content\/uploads\/2025\/07\/17.png\" \/>\n\t<meta property=\"og:image:width\" content=\"1280\" \/>\n\t<meta property=\"og:image:height\" content=\"720\" \/>\n\t<meta property=\"og:image:type\" content=\"image\/png\" \/>\n<meta name=\"author\" content=\"S\u00e9bastien\" \/>\n<meta name=\"twitter:card\" content=\"summary_large_image\" \/>\n<meta name=\"twitter:label1\" content=\"Written by\" \/>\n\t<meta name=\"twitter:data1\" content=\"S\u00e9bastien\" \/>\n\t<meta name=\"twitter:label2\" content=\"Estimated reading time\" \/>\n\t<meta name=\"twitter:data2\" content=\"5 minutes\" \/>\n<script type=\"application\/ld+json\" class=\"yoast-schema-graph\">{\"@context\":\"https:\/\/schema.org\",\"@graph\":[{\"@type\":\"Article\",\"@id\":\"https:\/\/ofsip.lu\/riskwatch-17-travailleur-designe-lobligation-qui-structure-la-prevention-en-entreprise\/#article\",\"isPartOf\":{\"@id\":\"https:\/\/ofsip.lu\/riskwatch-17-travailleur-designe-lobligation-qui-structure-la-prevention-en-entreprise\/\"},\"author\":{\"name\":\"S\u00e9bastien\",\"@id\":\"https:\/\/ofsip.lu\/#\/schema\/person\/f67b0e39696714296557c2ceff8435d8\"},\"headline\":\"RISKWATCH #17 Travailleur d\u00e9sign\u00e9 : l\u2019obligation qui structure la pr\u00e9vention en entreprise\",\"datePublished\":\"2025-07-23T12:22:23+00:00\",\"dateModified\":\"2025-07-23T12:26:44+00:00\",\"mainEntityOfPage\":{\"@id\":\"https:\/\/ofsip.lu\/riskwatch-17-travailleur-designe-lobligation-qui-structure-la-prevention-en-entreprise\/\"},\"wordCount\":1094,\"publisher\":{\"@id\":\"https:\/\/ofsip.lu\/#organization\"},\"image\":{\"@id\":\"https:\/\/ofsip.lu\/riskwatch-17-travailleur-designe-lobligation-qui-structure-la-prevention-en-entreprise\/#primaryimage\"},\"thumbnailUrl\":\"https:\/\/ofsip.lu\/wp-content\/uploads\/2025\/07\/17.png\",\"articleSection\":[\"Blog\"],\"inLanguage\":\"en-GB\"},{\"@type\":\"WebPage\",\"@id\":\"https:\/\/ofsip.lu\/riskwatch-17-travailleur-designe-lobligation-qui-structure-la-prevention-en-entreprise\/\",\"url\":\"https:\/\/ofsip.lu\/riskwatch-17-travailleur-designe-lobligation-qui-structure-la-prevention-en-entreprise\/\",\"name\":\"RISKWATCH #17 Travailleur d\u00e9sign\u00e9 : l\u2019obligation qui structure la pr\u00e9vention en entreprise - OFSIP\",\"isPartOf\":{\"@id\":\"https:\/\/ofsip.lu\/#website\"},\"primaryImageOfPage\":{\"@id\":\"https:\/\/ofsip.lu\/riskwatch-17-travailleur-designe-lobligation-qui-structure-la-prevention-en-entreprise\/#primaryimage\"},\"image\":{\"@id\":\"https:\/\/ofsip.lu\/riskwatch-17-travailleur-designe-lobligation-qui-structure-la-prevention-en-entreprise\/#primaryimage\"},\"thumbnailUrl\":\"https:\/\/ofsip.lu\/wp-content\/uploads\/2025\/07\/17.png\",\"datePublished\":\"2025-07-23T12:22:23+00:00\",\"dateModified\":\"2025-07-23T12:26:44+00:00\",\"breadcrumb\":{\"@id\":\"https:\/\/ofsip.lu\/riskwatch-17-travailleur-designe-lobligation-qui-structure-la-prevention-en-entreprise\/#breadcrumb\"},\"inLanguage\":\"en-GB\",\"potentialAction\":[{\"@type\":\"ReadAction\",\"target\":[\"https:\/\/ofsip.lu\/riskwatch-17-travailleur-designe-lobligation-qui-structure-la-prevention-en-entreprise\/\"]}]},{\"@type\":\"ImageObject\",\"inLanguage\":\"en-GB\",\"@id\":\"https:\/\/ofsip.lu\/riskwatch-17-travailleur-designe-lobligation-qui-structure-la-prevention-en-entreprise\/#primaryimage\",\"url\":\"https:\/\/ofsip.lu\/wp-content\/uploads\/2025\/07\/17.png\",\"contentUrl\":\"https:\/\/ofsip.lu\/wp-content\/uploads\/2025\/07\/17.png\",\"width\":1280,\"height\":720},{\"@type\":\"BreadcrumbList\",\"@id\":\"https:\/\/ofsip.lu\/riskwatch-17-travailleur-designe-lobligation-qui-structure-la-prevention-en-entreprise\/#breadcrumb\",\"itemListElement\":[{\"@type\":\"ListItem\",\"position\":1,\"name\":\"Home\",\"item\":\"https:\/\/ofsip.lu\/\"},{\"@type\":\"ListItem\",\"position\":2,\"name\":\"RISKWATCH #17 Travailleur d\u00e9sign\u00e9 : l\u2019obligation qui structure la pr\u00e9vention en entreprise\"}]},{\"@type\":\"WebSite\",\"@id\":\"https:\/\/ofsip.lu\/#website\",\"url\":\"https:\/\/ofsip.lu\/\",\"name\":\"OFSIP\",\"description\":\"S\u00e9curiser l&#039;humain, renforcer l&#039;entreprise\",\"publisher\":{\"@id\":\"https:\/\/ofsip.lu\/#organization\"},\"potentialAction\":[{\"@type\":\"SearchAction\",\"target\":{\"@type\":\"EntryPoint\",\"urlTemplate\":\"https:\/\/ofsip.lu\/?s={search_term_string}\"},\"query-input\":{\"@type\":\"PropertyValueSpecification\",\"valueRequired\":true,\"valueName\":\"search_term_string\"}}],\"inLanguage\":\"en-GB\"},{\"@type\":\"Organization\",\"@id\":\"https:\/\/ofsip.lu\/#organization\",\"name\":\"OFSIP\",\"url\":\"https:\/\/ofsip.lu\/\",\"logo\":{\"@type\":\"ImageObject\",\"inLanguage\":\"en-GB\",\"@id\":\"https:\/\/ofsip.lu\/#\/schema\/logo\/image\/\",\"url\":\"https:\/\/ofsip.lu\/wp-content\/uploads\/2025\/07\/Logo-OFSIP-Color-sans-detail.png\",\"contentUrl\":\"https:\/\/ofsip.lu\/wp-content\/uploads\/2025\/07\/Logo-OFSIP-Color-sans-detail.png\",\"width\":486,\"height\":460,\"caption\":\"OFSIP\"},\"image\":{\"@id\":\"https:\/\/ofsip.lu\/#\/schema\/logo\/image\/\"}},{\"@type\":\"Person\",\"@id\":\"https:\/\/ofsip.lu\/#\/schema\/person\/f67b0e39696714296557c2ceff8435d8\",\"name\":\"S\u00e9bastien\",\"sameAs\":[\"https:\/\/ofsip.lu\",\"https:\/\/www.linkedin.com\/com\/entreprise\/ofsipsarl\/\"],\"url\":\"https:\/\/ofsip.lu\/en\/author\/sebastian\/\"}]}<\/script>\n<!-- \/ Yoast SEO plugin. -->","yoast_head_json":{"title":"RISKWATCH #17 Travailleur d\u00e9sign\u00e9 : l\u2019obligation qui structure la pr\u00e9vention en entreprise - OFSIP","robots":{"index":"index","follow":"follow","max-snippet":"max-snippet:-1","max-image-preview":"max-image-preview:large","max-video-preview":"max-video-preview:-1"},"canonical":"https:\/\/ofsip.lu\/en\/riskwatch-17-travailleur-designe-lobligation-qui-structure-la-prevention-en-entreprise\/","og_locale":"en_GB","og_type":"article","og_title":"RISKWATCH #17 Travailleur d\u00e9sign\u00e9 : l\u2019obligation qui structure la pr\u00e9vention en entreprise - OFSIP","og_description":"Si la s\u00e9curit\u00e9 au travail \u00e9tait un orchestre, le travailleur d\u00e9sign\u00e9 en serait le chef discret mais essentiel. Peu m\u00e9diatis\u00e9e, parfois m\u00e9connue, cette fonction est pourtant une obligation l\u00e9gale au Luxembourg, applicable d\u00e8s le premier salari\u00e9. Elle constitue l\u2019un des piliers du syst\u00e8me de pr\u00e9vention dans toutes les structures professionnelles du pays, quel que soit [&hellip;]","og_url":"https:\/\/ofsip.lu\/en\/riskwatch-17-travailleur-designe-lobligation-qui-structure-la-prevention-en-entreprise\/","og_site_name":"OFSIP","article_published_time":"2025-07-23T12:22:23+00:00","article_modified_time":"2025-07-23T12:26:44+00:00","og_image":[{"width":1280,"height":720,"url":"https:\/\/ofsip.lu\/wp-content\/uploads\/2025\/07\/17.png","type":"image\/png"}],"author":"S\u00e9bastien","twitter_card":"summary_large_image","twitter_misc":{"Written by":"S\u00e9bastien","Estimated reading time":"5 minutes"},"schema":{"@context":"https:\/\/schema.org","@graph":[{"@type":"Article","@id":"https:\/\/ofsip.lu\/riskwatch-17-travailleur-designe-lobligation-qui-structure-la-prevention-en-entreprise\/#article","isPartOf":{"@id":"https:\/\/ofsip.lu\/riskwatch-17-travailleur-designe-lobligation-qui-structure-la-prevention-en-entreprise\/"},"author":{"name":"S\u00e9bastien","@id":"https:\/\/ofsip.lu\/#\/schema\/person\/f67b0e39696714296557c2ceff8435d8"},"headline":"RISKWATCH #17 Travailleur d\u00e9sign\u00e9 : l\u2019obligation qui structure la pr\u00e9vention en entreprise","datePublished":"2025-07-23T12:22:23+00:00","dateModified":"2025-07-23T12:26:44+00:00","mainEntityOfPage":{"@id":"https:\/\/ofsip.lu\/riskwatch-17-travailleur-designe-lobligation-qui-structure-la-prevention-en-entreprise\/"},"wordCount":1094,"publisher":{"@id":"https:\/\/ofsip.lu\/#organization"},"image":{"@id":"https:\/\/ofsip.lu\/riskwatch-17-travailleur-designe-lobligation-qui-structure-la-prevention-en-entreprise\/#primaryimage"},"thumbnailUrl":"https:\/\/ofsip.lu\/wp-content\/uploads\/2025\/07\/17.png","articleSection":["Blog"],"inLanguage":"en-GB"},{"@type":"WebPage","@id":"https:\/\/ofsip.lu\/riskwatch-17-travailleur-designe-lobligation-qui-structure-la-prevention-en-entreprise\/","url":"https:\/\/ofsip.lu\/riskwatch-17-travailleur-designe-lobligation-qui-structure-la-prevention-en-entreprise\/","name":"RISKWATCH #17 Travailleur d\u00e9sign\u00e9 : l\u2019obligation qui structure la pr\u00e9vention en entreprise - OFSIP","isPartOf":{"@id":"https:\/\/ofsip.lu\/#website"},"primaryImageOfPage":{"@id":"https:\/\/ofsip.lu\/riskwatch-17-travailleur-designe-lobligation-qui-structure-la-prevention-en-entreprise\/#primaryimage"},"image":{"@id":"https:\/\/ofsip.lu\/riskwatch-17-travailleur-designe-lobligation-qui-structure-la-prevention-en-entreprise\/#primaryimage"},"thumbnailUrl":"https:\/\/ofsip.lu\/wp-content\/uploads\/2025\/07\/17.png","datePublished":"2025-07-23T12:22:23+00:00","dateModified":"2025-07-23T12:26:44+00:00","breadcrumb":{"@id":"https:\/\/ofsip.lu\/riskwatch-17-travailleur-designe-lobligation-qui-structure-la-prevention-en-entreprise\/#breadcrumb"},"inLanguage":"en-GB","potentialAction":[{"@type":"ReadAction","target":["https:\/\/ofsip.lu\/riskwatch-17-travailleur-designe-lobligation-qui-structure-la-prevention-en-entreprise\/"]}]},{"@type":"ImageObject","inLanguage":"en-GB","@id":"https:\/\/ofsip.lu\/riskwatch-17-travailleur-designe-lobligation-qui-structure-la-prevention-en-entreprise\/#primaryimage","url":"https:\/\/ofsip.lu\/wp-content\/uploads\/2025\/07\/17.png","contentUrl":"https:\/\/ofsip.lu\/wp-content\/uploads\/2025\/07\/17.png","width":1280,"height":720},{"@type":"BreadcrumbList","@id":"https:\/\/ofsip.lu\/riskwatch-17-travailleur-designe-lobligation-qui-structure-la-prevention-en-entreprise\/#breadcrumb","itemListElement":[{"@type":"ListItem","position":1,"name":"Home","item":"https:\/\/ofsip.lu\/"},{"@type":"ListItem","position":2,"name":"RISKWATCH #17 Travailleur d\u00e9sign\u00e9 : l\u2019obligation qui structure la pr\u00e9vention en entreprise"}]},{"@type":"WebSite","@id":"https:\/\/ofsip.lu\/#website","url":"https:\/\/ofsip.lu\/","name":"OFSIP","description":"S\u00e9curiser l&#039;humain, renforcer l&#039;entreprise","publisher":{"@id":"https:\/\/ofsip.lu\/#organization"},"potentialAction":[{"@type":"SearchAction","target":{"@type":"EntryPoint","urlTemplate":"https:\/\/ofsip.lu\/?s={search_term_string}"},"query-input":{"@type":"PropertyValueSpecification","valueRequired":true,"valueName":"search_term_string"}}],"inLanguage":"en-GB"},{"@type":"Organization","@id":"https:\/\/ofsip.lu\/#organization","name":"OFSIP","url":"https:\/\/ofsip.lu\/","logo":{"@type":"ImageObject","inLanguage":"en-GB","@id":"https:\/\/ofsip.lu\/#\/schema\/logo\/image\/","url":"https:\/\/ofsip.lu\/wp-content\/uploads\/2025\/07\/Logo-OFSIP-Color-sans-detail.png","contentUrl":"https:\/\/ofsip.lu\/wp-content\/uploads\/2025\/07\/Logo-OFSIP-Color-sans-detail.png","width":486,"height":460,"caption":"OFSIP"},"image":{"@id":"https:\/\/ofsip.lu\/#\/schema\/logo\/image\/"}},{"@type":"Person","@id":"https:\/\/ofsip.lu\/#\/schema\/person\/f67b0e39696714296557c2ceff8435d8","name":"S\u00e9bastien","sameAs":["https:\/\/ofsip.lu","https:\/\/www.linkedin.com\/com\/entreprise\/ofsipsarl\/"],"url":"https:\/\/ofsip.lu\/en\/author\/sebastian\/"}]}},"jetpack_featured_media_url":"https:\/\/ofsip.lu\/wp-content\/uploads\/2025\/07\/17.png","jetpack_sharing_enabled":true,"_links":{"self":[{"href":"https:\/\/ofsip.lu\/en\/wp-json\/wp\/v2\/posts\/2607","targetHints":{"allow":["GET"]}}],"collection":[{"href":"https:\/\/ofsip.lu\/en\/wp-json\/wp\/v2\/posts"}],"about":[{"href":"https:\/\/ofsip.lu\/en\/wp-json\/wp\/v2\/types\/post"}],"author":[{"embeddable":true,"href":"https:\/\/ofsip.lu\/en\/wp-json\/wp\/v2\/users\/1"}],"replies":[{"embeddable":true,"href":"https:\/\/ofsip.lu\/en\/wp-json\/wp\/v2\/comments?post=2607"}],"version-history":[{"count":4,"href":"https:\/\/ofsip.lu\/en\/wp-json\/wp\/v2\/posts\/2607\/revisions"}],"predecessor-version":[{"id":2613,"href":"https:\/\/ofsip.lu\/en\/wp-json\/wp\/v2\/posts\/2607\/revisions\/2613"}],"wp:featuredmedia":[{"embeddable":true,"href":"https:\/\/ofsip.lu\/en\/wp-json\/wp\/v2\/media\/2608"}],"wp:attachment":[{"href":"https:\/\/ofsip.lu\/en\/wp-json\/wp\/v2\/media?parent=2607"}],"wp:term":[{"taxonomy":"category","embeddable":true,"href":"https:\/\/ofsip.lu\/en\/wp-json\/wp\/v2\/categories?post=2607"},{"taxonomy":"post_tag","embeddable":true,"href":"https:\/\/ofsip.lu\/en\/wp-json\/wp\/v2\/tags?post=2607"}],"curies":[{"name":"wp","href":"https:\/\/api.w.org\/{rel}","templated":true}]}}