{"id":2652,"date":"2025-08-07T13:09:07","date_gmt":"2025-08-07T13:09:07","guid":{"rendered":"https:\/\/ofsip.lu\/?p=2652"},"modified":"2025-08-07T13:10:13","modified_gmt":"2025-08-07T13:10:13","slug":"riskwatch-20-former-pour-proteger-la-securite-dans-les-metiers-de-la-petite-enfance","status":"publish","type":"post","link":"https:\/\/ofsip.lu\/en\/riskwatch-20-former-pour-proteger-la-securite-dans-les-metiers-de-la-petite-enfance\/","title":{"rendered":"RISKWATCH #20 Former pour prot\u00e9ger : la s\u00e9curit\u00e9 dans les m\u00e9tiers de la petite enfance"},"content":{"rendered":"<div data-elementor-type=\"wp-post\" data-elementor-id=\"2652\" class=\"elementor elementor-2652\" data-elementor-post-type=\"post\">\n\t\t\t\t<div class=\"elementor-element elementor-element-554f80a e-flex e-con-boxed e-con e-parent\" data-id=\"554f80a\" data-element_type=\"container\">\n\t\t\t\t\t<div class=\"e-con-inner\">\n\t\t\t\t<div class=\"elementor-element elementor-element-8517b6c elementor-widget elementor-widget-image\" data-id=\"8517b6c\" data-element_type=\"widget\" data-widget_type=\"image.default\">\n\t\t\t\t<div class=\"elementor-widget-container\">\n\t\t\t\t\t\t\t\t\t\t\t\t\t\t\t<img fetchpriority=\"high\" decoding=\"async\" width=\"800\" height=\"450\" src=\"https:\/\/ofsip.lu\/wp-content\/uploads\/2025\/08\/2-1024x576.png\" class=\"attachment-large size-large wp-image-2653\" alt=\"\" srcset=\"https:\/\/ofsip.lu\/wp-content\/uploads\/2025\/08\/2-1024x576.png 1024w, https:\/\/ofsip.lu\/wp-content\/uploads\/2025\/08\/2-300x169.png 300w, https:\/\/ofsip.lu\/wp-content\/uploads\/2025\/08\/2-768x432.png 768w, https:\/\/ofsip.lu\/wp-content\/uploads\/2025\/08\/2-18x10.png 18w, https:\/\/ofsip.lu\/wp-content\/uploads\/2025\/08\/2.png 1280w\" sizes=\"(max-width: 800px) 100vw, 800px\" \/>\t\t\t\t\t\t\t\t\t\t\t\t\t\t\t<\/div>\n\t\t\t\t<\/div>\n\t\t\t\t\t<\/div>\n\t\t\t\t<\/div>\n\t\t<div class=\"elementor-element elementor-element-a08f8b1 e-flex e-con-boxed e-con e-parent\" data-id=\"a08f8b1\" data-element_type=\"container\">\n\t\t\t\t\t<div class=\"e-con-inner\">\n\t\t\t\t<div class=\"elementor-element elementor-element-d02e400 elementor-widget elementor-widget-text-editor\" data-id=\"d02e400\" data-element_type=\"widget\" data-widget_type=\"text-editor.default\">\n\t\t\t\t<div class=\"elementor-widget-container\">\n\t\t\t\t\t\t\t\t\t<p id=\"ember994\" class=\"ember-view reader-text-block__paragraph\" style=\"box-sizing: inherit; margin-bottom: var(--spacing-four-x); padding: var(--artdeco-reset-base-padding-zero); border: var(--artdeco-reset-base-border-zero); vertical-align: var(--artdeco-reset-base-vertical-align-baseline); background-image: ; background-position-x: ; background-position-y: ; background-size: ; background-repeat: ; background-attachment: ; background-origin: ; background-clip: ; line-height: var(--line-height-open); color: rgba(0, 0, 0, 0.9); font-family: -apple-system, system-ui, BlinkMacSystemFont, &quot;Segoe UI&quot;, Roboto, &quot;Helvetica Neue&quot;, &quot;Fira Sans&quot;, Ubuntu, Oxygen, &quot;Oxygen Sans&quot;, Cantarell, &quot;Droid Sans&quot;, &quot;Apple Color Emoji&quot;, &quot;Segoe UI Emoji&quot;, &quot;Segoe UI Emoji&quot;, &quot;Segoe UI Symbol&quot;, &quot;Lucida Grande&quot;, Helvetica, Arial, sans-serif; pointer-events: all; caret-color: rgba(0, 0, 0, 0.9);\"><span style=\"box-sizing: inherit; margin: var(--artdeco-reset-base-margin-zero); padding: var(--artdeco-reset-base-padding-zero); border: var(--artdeco-reset-base-border-zero); font-size: var(--artdeco-reset-base-font-size-hundred-percent); vertical-align: var(--artdeco-reset-base-vertical-align-baseline); background-image: ; background-position-x: ; background-position-y: ; background-size: ; background-repeat: ; background-attachment: ; background-origin: ; background-clip: ; outline: var(--artdeco-reset-base-outline-zero); font-family: var(--artdeco-reset-typography-font-family-sans);\">Travailler aupr\u00e8s d\u2019enfants, \u00e7a ne s\u2019improvise pas.<\/span><\/p><p id=\"ember995\" class=\"ember-view reader-text-block__paragraph\" style=\"box-sizing: inherit; margin-bottom: var(--spacing-four-x); padding: var(--artdeco-reset-base-padding-zero); border: var(--artdeco-reset-base-border-zero); vertical-align: var(--artdeco-reset-base-vertical-align-baseline); background-image: ; background-position-x: ; background-position-y: ; background-size: ; background-repeat: ; background-attachment: ; background-origin: ; background-clip: ; line-height: var(--line-height-open); color: rgba(0, 0, 0, 0.9); font-family: -apple-system, system-ui, BlinkMacSystemFont, &quot;Segoe UI&quot;, Roboto, &quot;Helvetica Neue&quot;, &quot;Fira Sans&quot;, Ubuntu, Oxygen, &quot;Oxygen Sans&quot;, Cantarell, &quot;Droid Sans&quot;, &quot;Apple Color Emoji&quot;, &quot;Segoe UI Emoji&quot;, &quot;Segoe UI Emoji&quot;, &quot;Segoe UI Symbol&quot;, &quot;Lucida Grande&quot;, Helvetica, Arial, sans-serif; pointer-events: all; caret-color: rgba(0, 0, 0, 0.9);\">Qu\u2019on soit en cr\u00e8che, en maison relais, \u00e0 l\u2019\u00e9cole ou dans toute autre structure d\u2019accueil, accompagner les enfants, ce n\u2019est pas un travail comme un autre. C\u2019est une responsabilit\u00e9 immense, souvent invisible, mais omnipr\u00e9sente. On veille sur leur s\u00e9curit\u00e9, leur bien-\u00eatre, leur d\u00e9veloppement, parfois m\u00eame leur \u00e9quilibre \u00e9motionnel. Et pour faire \u00e7a correctement, il ne suffit pas de la bonne volont\u00e9 :<span class=\"white-space-pre\" style=\"box-sizing: inherit; margin: var(--artdeco-reset-base-margin-zero); padding: var(--artdeco-reset-base-padding-zero); border: var(--artdeco-reset-base-border-zero); font-size: var(--artdeco-reset-base-font-size-hundred-percent); vertical-align: var(--artdeco-reset-base-vertical-align-baseline); background-image: ; background-position-x: ; background-position-y: ; background-size: ; background-repeat: ; background-attachment: ; background-origin: ; background-clip: ; outline: var(--artdeco-reset-base-outline-zero); font-family: var(--artdeco-reset-typography-font-family-sans); white-space: pre !important;\"> <\/span><span style=\"box-sizing: inherit; margin: var(--artdeco-reset-base-margin-zero); padding: var(--artdeco-reset-base-padding-zero); border: var(--artdeco-reset-base-border-zero); font-size: var(--artdeco-reset-base-font-size-hundred-percent); vertical-align: var(--artdeco-reset-base-vertical-align-baseline); background-image: ; background-position-x: ; background-position-y: ; background-size: ; background-repeat: ; background-attachment: ; background-origin: ; background-clip: ; outline: var(--artdeco-reset-base-outline-zero); font-family: var(--artdeco-reset-typography-font-family-sans);\">il faut \u00eatre form\u00e9, pr\u00e9par\u00e9, accompagn\u00e9<\/span>.<\/p><h3 id=\"ember996\" class=\"ember-view reader-text-block__heading-3\" style=\"box-sizing: inherit; margin-bottom: var(--spacing-two-x); padding: var(--artdeco-reset-base-padding-zero); border: var(--artdeco-reset-base-border-zero); font-size: var(--font-size-xlarge); vertical-align: var(--artdeco-reset-base-vertical-align-baseline); background-image: ; background-position-x: ; background-position-y: ; background-size: ; background-repeat: ; background-attachment: ; background-origin: ; background-clip: ; outline: var(--artdeco-reset-base-outline-zero); color: rgba(0, 0, 0, 0.9); line-height: var(--line-height-default); font-family: -apple-system, system-ui, BlinkMacSystemFont, &quot;Segoe UI&quot;, Roboto, &quot;Helvetica Neue&quot;, &quot;Fira Sans&quot;, Ubuntu, Oxygen, &quot;Oxygen Sans&quot;, Cantarell, &quot;Droid Sans&quot;, &quot;Apple Color Emoji&quot;, &quot;Segoe UI Emoji&quot;, &quot;Segoe UI Emoji&quot;, &quot;Segoe UI Symbol&quot;, &quot;Lucida Grande&quot;, Helvetica, Arial, sans-serif; caret-color: rgba(0, 0, 0, 0.9);\">Un m\u00e9tier sous haute vigilance<\/h3><p id=\"ember997\" class=\"ember-view reader-text-block__paragraph\" style=\"box-sizing: inherit; margin-bottom: var(--spacing-four-x); padding: var(--artdeco-reset-base-padding-zero); border: var(--artdeco-reset-base-border-zero); vertical-align: var(--artdeco-reset-base-vertical-align-baseline); background-image: ; background-position-x: ; background-position-y: ; background-size: ; background-repeat: ; background-attachment: ; background-origin: ; background-clip: ; line-height: var(--line-height-open); color: rgba(0, 0, 0, 0.9); font-family: -apple-system, system-ui, BlinkMacSystemFont, &quot;Segoe UI&quot;, Roboto, &quot;Helvetica Neue&quot;, &quot;Fira Sans&quot;, Ubuntu, Oxygen, &quot;Oxygen Sans&quot;, Cantarell, &quot;Droid Sans&quot;, &quot;Apple Color Emoji&quot;, &quot;Segoe UI Emoji&quot;, &quot;Segoe UI Emoji&quot;, &quot;Segoe UI Symbol&quot;, &quot;Lucida Grande&quot;, Helvetica, Arial, sans-serif; pointer-events: all; caret-color: rgba(0, 0, 0, 0.9);\">Au Luxembourg, le secteur de l\u2019enfance est particuli\u00e8rement encadr\u00e9. Et heureusement. Les professionnels qui y travaillent sont confront\u00e9s chaque jour \u00e0 des situations sensibles : petits accidents, urgences m\u00e9dicales, comportements \u00e0 d\u00e9crypter, tensions avec les familles, obligations administratives\u2026 Tout compte. Tout peut avoir des cons\u00e9quences. Et dans ce contexte, l\u2019attente de professionnalisme est non seulement l\u00e9gitime, elle est n\u00e9cessaire. L\u2019\u00c9tat, les parents, les directions de structure : tout le monde est en droit d\u2019exiger un encadrement s\u00e9rieux, comp\u00e9tent, et surtout form\u00e9.<\/p><h3 id=\"ember998\" class=\"ember-view reader-text-block__heading-3\" style=\"box-sizing: inherit; margin-bottom: var(--spacing-two-x); padding: var(--artdeco-reset-base-padding-zero); border: var(--artdeco-reset-base-border-zero); font-size: var(--font-size-xlarge); vertical-align: var(--artdeco-reset-base-vertical-align-baseline); background-image: ; background-position-x: ; background-position-y: ; background-size: ; background-repeat: ; background-attachment: ; background-origin: ; background-clip: ; outline: var(--artdeco-reset-base-outline-zero); color: rgba(0, 0, 0, 0.9); line-height: var(--line-height-default); font-family: -apple-system, system-ui, BlinkMacSystemFont, &quot;Segoe UI&quot;, Roboto, &quot;Helvetica Neue&quot;, &quot;Fira Sans&quot;, Ubuntu, Oxygen, &quot;Oxygen Sans&quot;, Cantarell, &quot;Droid Sans&quot;, &quot;Apple Color Emoji&quot;, &quot;Segoe UI Emoji&quot;, &quot;Segoe UI Emoji&quot;, &quot;Segoe UI Symbol&quot;, &quot;Lucida Grande&quot;, Helvetica, Arial, sans-serif; caret-color: rgba(0, 0, 0, 0.9);\">La formation : une exigence de fond, pas de surface<\/h3><p id=\"ember999\" class=\"ember-view reader-text-block__paragraph\" style=\"box-sizing: inherit; margin-bottom: var(--spacing-four-x); padding: var(--artdeco-reset-base-padding-zero); border: var(--artdeco-reset-base-border-zero); vertical-align: var(--artdeco-reset-base-vertical-align-baseline); background-image: ; background-position-x: ; background-position-y: ; background-size: ; background-repeat: ; background-attachment: ; background-origin: ; background-clip: ; line-height: var(--line-height-open); color: rgba(0, 0, 0, 0.9); font-family: -apple-system, system-ui, BlinkMacSystemFont, &quot;Segoe UI&quot;, Roboto, &quot;Helvetica Neue&quot;, &quot;Fira Sans&quot;, Ubuntu, Oxygen, &quot;Oxygen Sans&quot;, Cantarell, &quot;Droid Sans&quot;, &quot;Apple Color Emoji&quot;, &quot;Segoe UI Emoji&quot;, &quot;Segoe UI Emoji&quot;, &quot;Segoe UI Symbol&quot;, &quot;Lucida Grande&quot;, Helvetica, Arial, sans-serif; pointer-events: all; caret-color: rgba(0, 0, 0, 0.9);\">C\u2019est le Service National de la Jeunesse (SNJ) qui fixe les r\u00e8gles du jeu. Nombre d\u2019heures, types de contenus, organismes agr\u00e9\u00e9s\u2026 Rien n\u2019est laiss\u00e9 au hasard. Et ce n\u2019est pas sans raison : les formations sont l\u00e0 pour prot\u00e9ger les enfants, mais aussi les professionnels. Et elles doivent \u00eatre<span class=\"white-space-pre\" style=\"box-sizing: inherit; margin: var(--artdeco-reset-base-margin-zero); padding: var(--artdeco-reset-base-padding-zero); border: var(--artdeco-reset-base-border-zero); font-size: var(--artdeco-reset-base-font-size-hundred-percent); vertical-align: var(--artdeco-reset-base-vertical-align-baseline); background-image: ; background-position-x: ; background-position-y: ; background-size: ; background-repeat: ; background-attachment: ; background-origin: ; background-clip: ; outline: var(--artdeco-reset-base-outline-zero); font-family: var(--artdeco-reset-typography-font-family-sans); white-space: pre !important;\"> <\/span><span style=\"box-sizing: inherit; margin: var(--artdeco-reset-base-margin-zero); padding: var(--artdeco-reset-base-padding-zero); border: var(--artdeco-reset-base-border-zero); font-size: var(--artdeco-reset-base-font-size-hundred-percent); vertical-align: var(--artdeco-reset-base-vertical-align-baseline); background-image: ; background-position-x: ; background-position-y: ; background-size: ; background-repeat: ; background-attachment: ; background-origin: ; background-clip: ; outline: var(--artdeco-reset-base-outline-zero); font-family: var(--artdeco-reset-typography-font-family-sans);\">concr\u00e8tes, r\u00e9guli\u00e8res, connect\u00e9es au terrain<\/span>.<\/p><p id=\"ember1000\" class=\"ember-view reader-text-block__paragraph\" style=\"box-sizing: inherit; margin-bottom: var(--spacing-four-x); padding: var(--artdeco-reset-base-padding-zero); border: var(--artdeco-reset-base-border-zero); vertical-align: var(--artdeco-reset-base-vertical-align-baseline); background-image: ; background-position-x: ; background-position-y: ; background-size: ; background-repeat: ; background-attachment: ; background-origin: ; background-clip: ; line-height: var(--line-height-open); color: rgba(0, 0, 0, 0.9); font-family: -apple-system, system-ui, BlinkMacSystemFont, &quot;Segoe UI&quot;, Roboto, &quot;Helvetica Neue&quot;, &quot;Fira Sans&quot;, Ubuntu, Oxygen, &quot;Oxygen Sans&quot;, Cantarell, &quot;Droid Sans&quot;, &quot;Apple Color Emoji&quot;, &quot;Segoe UI Emoji&quot;, &quot;Segoe UI Emoji&quot;, &quot;Segoe UI Symbol&quot;, &quot;Lucida Grande&quot;, Helvetica, Arial, sans-serif; pointer-events: all; caret-color: rgba(0, 0, 0, 0.9);\">Parmi les incontournables :<\/p><p id=\"ember1001\" class=\"ember-view reader-text-block__paragraph\" style=\"box-sizing: inherit; margin-bottom: var(--spacing-four-x); padding: var(--artdeco-reset-base-padding-zero); border: var(--artdeco-reset-base-border-zero); vertical-align: var(--artdeco-reset-base-vertical-align-baseline); background-image: ; background-position-x: ; background-position-y: ; background-size: ; background-repeat: ; background-attachment: ; background-origin: ; background-clip: ; line-height: var(--line-height-open); color: rgba(0, 0, 0, 0.9); font-family: -apple-system, system-ui, BlinkMacSystemFont, &quot;Segoe UI&quot;, Roboto, &quot;Helvetica Neue&quot;, &quot;Fira Sans&quot;, Ubuntu, Oxygen, &quot;Oxygen Sans&quot;, Cantarell, &quot;Droid Sans&quot;, &quot;Apple Color Emoji&quot;, &quot;Segoe UI Emoji&quot;, &quot;Segoe UI Emoji&quot;, &quot;Segoe UI Symbol&quot;, &quot;Lucida Grande&quot;, Helvetica, Arial, sans-serif; pointer-events: all; caret-color: rgba(0, 0, 0, 0.9);\"><\/p><ul style=\"caret-color: rgb(0, 0, 0); font-family: var(--artdeco-reset-typography-font-family-sans); box-sizing: inherit; margin-bottom: var(--spacing-four-x); padding-left: var(--spacing-four-x); border: var(--artdeco-reset-base-border-zero); font-size: var(--font-size-medium); vertical-align: var(--artdeco-reset-base-vertical-align-baseline); background-image: ; background-position-x: ; background-position-y: ; background-size: ; background-repeat: ; background-attachment: ; background-origin: ; background-clip: ; line-height: var(--line-height-open);\"><li style=\"box-sizing: inherit; margin-bottom: var(--spacing-one-x); padding-left: var(--spacing-one-x); border: var(--artdeco-reset-base-border-zero); font-size: var(--artdeco-reset-base-font-size-hundred-percent); vertical-align: var(--artdeco-reset-base-vertical-align-baseline); background-image: ; background-position-x: ; background-position-y: ; background-size: ; background-repeat: ; background-attachment: ; background-origin: ; background-clip: ; font-family: var(--artdeco-reset-typography-font-family-sans);\">Pr\u00e9vention incendie, \u00e9vacuation, premiers secours : savoir r\u00e9agir vite, efficacement.<\/li><li style=\"box-sizing: inherit; margin-bottom: var(--spacing-one-x); padding-left: var(--spacing-one-x); border: var(--artdeco-reset-base-border-zero); font-size: var(--artdeco-reset-base-font-size-hundred-percent); vertical-align: var(--artdeco-reset-base-vertical-align-baseline); background-image: ; background-position-x: ; background-position-y: ; background-size: ; background-repeat: ; background-attachment: ; background-origin: ; background-clip: ; font-family: var(--artdeco-reset-typography-font-family-sans);\">Pr\u00e9vention des risques psychosociaux et gestion des conflits : parce que les tensions ne sont pas rares.<\/li><li style=\"box-sizing: inherit; margin-bottom: var(--spacing-one-x); padding-left: var(--spacing-one-x); border: var(--artdeco-reset-base-border-zero); font-size: var(--artdeco-reset-base-font-size-hundred-percent); vertical-align: var(--artdeco-reset-base-vertical-align-baseline); background-image: ; background-position-x: ; background-position-y: ; background-size: ; background-repeat: ; background-attachment: ; background-origin: ; background-clip: ; font-family: var(--artdeco-reset-typography-font-family-sans);\">Protection de l\u2019enfance : conna\u00eetre les signes d\u2019alerte, savoir comment agir, sans improviser.<\/li><li style=\"box-sizing: inherit; margin-bottom: var(--spacing-one-x); padding-left: var(--spacing-one-x); border: var(--artdeco-reset-base-border-zero); font-size: var(--artdeco-reset-base-font-size-hundred-percent); vertical-align: var(--artdeco-reset-base-vertical-align-baseline); background-image: ; background-position-x: ; background-position-y: ; background-size: ; background-repeat: ; background-attachment: ; background-origin: ; background-clip: ; font-family: var(--artdeco-reset-typography-font-family-sans);\">Gestes et postures : \u00e9viter les blessures li\u00e9es \u00e0 la manipulation, au port de charges, aux mauvaises postures r\u00e9p\u00e9t\u00e9es.<\/li><li style=\"box-sizing: inherit; margin-bottom: var(--spacing-one-x); padding-left: var(--spacing-one-x); border: var(--artdeco-reset-base-border-zero); font-size: var(--artdeco-reset-base-font-size-hundred-percent); vertical-align: var(--artdeco-reset-base-vertical-align-baseline); background-image: ; background-position-x: ; background-position-y: ; background-size: ; background-repeat: ; background-attachment: ; background-origin: ; background-clip: ; font-family: var(--artdeco-reset-typography-font-family-sans);\">Formations continues : pour rester \u00e0 jour, et \u00e9viter l\u2019usure du m\u00e9tier.<\/li><\/ul><p style=\"caret-color: rgb(0, 0, 0); color: rgb(0, 0, 0);\"><\/p><p id=\"ember1002\" class=\"ember-view reader-text-block__paragraph\" style=\"box-sizing: inherit; margin-bottom: var(--spacing-four-x); padding: var(--artdeco-reset-base-padding-zero); border: var(--artdeco-reset-base-border-zero); vertical-align: var(--artdeco-reset-base-vertical-align-baseline); background-image: ; background-position-x: ; background-position-y: ; background-size: ; background-repeat: ; background-attachment: ; background-origin: ; background-clip: ; line-height: var(--line-height-open); color: rgba(0, 0, 0, 0.9); font-family: -apple-system, system-ui, BlinkMacSystemFont, &quot;Segoe UI&quot;, Roboto, &quot;Helvetica Neue&quot;, &quot;Fira Sans&quot;, Ubuntu, Oxygen, &quot;Oxygen Sans&quot;, Cantarell, &quot;Droid Sans&quot;, &quot;Apple Color Emoji&quot;, &quot;Segoe UI Emoji&quot;, &quot;Segoe UI Emoji&quot;, &quot;Segoe UI Symbol&quot;, &quot;Lucida Grande&quot;, Helvetica, Arial, sans-serif; pointer-events: all; caret-color: rgba(0, 0, 0, 0.9);\">Et ce n\u2019est pas facultatif. Si la formation est faite en dehors d\u2019un organisme reconnu par le SNJ, elle peut tout simplement \u00eatre refus\u00e9e. Chez OFSIP, nous sommes<span class=\"white-space-pre\" style=\"box-sizing: inherit; margin: var(--artdeco-reset-base-margin-zero); padding: var(--artdeco-reset-base-padding-zero); border: var(--artdeco-reset-base-border-zero); font-size: var(--artdeco-reset-base-font-size-hundred-percent); vertical-align: var(--artdeco-reset-base-vertical-align-baseline); background-image: ; background-position-x: ; background-position-y: ; background-size: ; background-repeat: ; background-attachment: ; background-origin: ; background-clip: ; outline: var(--artdeco-reset-base-outline-zero); font-family: var(--artdeco-reset-typography-font-family-sans); white-space: pre !important;\"> <\/span><span style=\"box-sizing: inherit; margin: var(--artdeco-reset-base-margin-zero); padding: var(--artdeco-reset-base-padding-zero); border: var(--artdeco-reset-base-border-zero); font-size: var(--artdeco-reset-base-font-size-hundred-percent); vertical-align: var(--artdeco-reset-base-vertical-align-baseline); background-image: ; background-position-x: ; background-position-y: ; background-size: ; background-repeat: ; background-attachment: ; background-origin: ; background-clip: ; outline: var(--artdeco-reset-base-outline-zero); font-family: var(--artdeco-reset-typography-font-family-sans);\">agr\u00e9\u00e9s SNJ<\/span>, comme d\u2019autres structures s\u00e9rieuses du pays, et c\u2019est un point \u00e0 v\u00e9rifier syst\u00e9matiquement avant de s\u2019engager.<\/p><h3 id=\"ember1003\" class=\"ember-view reader-text-block__heading-3\" style=\"box-sizing: inherit; margin-bottom: var(--spacing-two-x); padding: var(--artdeco-reset-base-padding-zero); border: var(--artdeco-reset-base-border-zero); font-size: var(--font-size-xlarge); vertical-align: var(--artdeco-reset-base-vertical-align-baseline); background-image: ; background-position-x: ; background-position-y: ; background-size: ; background-repeat: ; background-attachment: ; background-origin: ; background-clip: ; outline: var(--artdeco-reset-base-outline-zero); color: rgba(0, 0, 0, 0.9); line-height: var(--line-height-default); font-family: -apple-system, system-ui, BlinkMacSystemFont, &quot;Segoe UI&quot;, Roboto, &quot;Helvetica Neue&quot;, &quot;Fira Sans&quot;, Ubuntu, Oxygen, &quot;Oxygen Sans&quot;, Cantarell, &quot;Droid Sans&quot;, &quot;Apple Color Emoji&quot;, &quot;Segoe UI Emoji&quot;, &quot;Segoe UI Emoji&quot;, &quot;Segoe UI Symbol&quot;, &quot;Lucida Grande&quot;, Helvetica, Arial, sans-serif; caret-color: rgba(0, 0, 0, 0.9);\">Quelques chiffres pour poser le d\u00e9cor<\/h3><p id=\"ember1004\" class=\"ember-view reader-text-block__paragraph\" style=\"box-sizing: inherit; margin-bottom: var(--spacing-four-x); padding: var(--artdeco-reset-base-padding-zero); border: var(--artdeco-reset-base-border-zero); vertical-align: var(--artdeco-reset-base-vertical-align-baseline); background-image: ; background-position-x: ; background-position-y: ; background-size: ; background-repeat: ; background-attachment: ; background-origin: ; background-clip: ; line-height: var(--line-height-open); color: rgba(0, 0, 0, 0.9); font-family: -apple-system, system-ui, BlinkMacSystemFont, &quot;Segoe UI&quot;, Roboto, &quot;Helvetica Neue&quot;, &quot;Fira Sans&quot;, Ubuntu, Oxygen, &quot;Oxygen Sans&quot;, Cantarell, &quot;Droid Sans&quot;, &quot;Apple Color Emoji&quot;, &quot;Segoe UI Emoji&quot;, &quot;Segoe UI Emoji&quot;, &quot;Segoe UI Symbol&quot;, &quot;Lucida Grande&quot;, Helvetica, Arial, sans-serif; pointer-events: all; caret-color: rgba(0, 0, 0, 0.9);\">Chaque ann\u00e9e, plus de<span class=\"white-space-pre\" style=\"box-sizing: inherit; margin: var(--artdeco-reset-base-margin-zero); padding: var(--artdeco-reset-base-padding-zero); border: var(--artdeco-reset-base-border-zero); font-size: var(--artdeco-reset-base-font-size-hundred-percent); vertical-align: var(--artdeco-reset-base-vertical-align-baseline); background-image: ; background-position-x: ; background-position-y: ; background-size: ; background-repeat: ; background-attachment: ; background-origin: ; background-clip: ; outline: var(--artdeco-reset-base-outline-zero); font-family: var(--artdeco-reset-typography-font-family-sans); white-space: pre !important;\"> <\/span><span style=\"box-sizing: inherit; margin: var(--artdeco-reset-base-margin-zero); padding: var(--artdeco-reset-base-padding-zero); border: var(--artdeco-reset-base-border-zero); font-size: var(--artdeco-reset-base-font-size-hundred-percent); vertical-align: var(--artdeco-reset-base-vertical-align-baseline); background-image: ; background-position-x: ; background-position-y: ; background-size: ; background-repeat: ; background-attachment: ; background-origin: ; background-clip: ; outline: var(--artdeco-reset-base-outline-zero); font-family: var(--artdeco-reset-typography-font-family-sans);\">18 000 enfants<\/span><span class=\"white-space-pre\" style=\"box-sizing: inherit; margin: var(--artdeco-reset-base-margin-zero); padding: var(--artdeco-reset-base-padding-zero); border: var(--artdeco-reset-base-border-zero); font-size: var(--artdeco-reset-base-font-size-hundred-percent); vertical-align: var(--artdeco-reset-base-vertical-align-baseline); background-image: ; background-position-x: ; background-position-y: ; background-size: ; background-repeat: ; background-attachment: ; background-origin: ; background-clip: ; outline: var(--artdeco-reset-base-outline-zero); font-family: var(--artdeco-reset-typography-font-family-sans); white-space: pre !important;\"> <\/span>sont accueillis dans les structures subventionn\u00e9es du pays. Plus de<span class=\"white-space-pre\" style=\"box-sizing: inherit; margin: var(--artdeco-reset-base-margin-zero); padding: var(--artdeco-reset-base-padding-zero); border: var(--artdeco-reset-base-border-zero); font-size: var(--artdeco-reset-base-font-size-hundred-percent); vertical-align: var(--artdeco-reset-base-vertical-align-baseline); background-image: ; background-position-x: ; background-position-y: ; background-size: ; background-repeat: ; background-attachment: ; background-origin: ; background-clip: ; outline: var(--artdeco-reset-base-outline-zero); font-family: var(--artdeco-reset-typography-font-family-sans); white-space: pre !important;\"> <\/span><span style=\"box-sizing: inherit; margin: var(--artdeco-reset-base-margin-zero); padding: var(--artdeco-reset-base-padding-zero); border: var(--artdeco-reset-base-border-zero); font-size: var(--artdeco-reset-base-font-size-hundred-percent); vertical-align: var(--artdeco-reset-base-vertical-align-baseline); background-image: ; background-position-x: ; background-position-y: ; background-size: ; background-repeat: ; background-attachment: ; background-origin: ; background-clip: ; outline: var(--artdeco-reset-base-outline-zero); font-family: var(--artdeco-reset-typography-font-family-sans);\">12 000 professionnel(le)s<\/span><span class=\"white-space-pre\" style=\"box-sizing: inherit; margin: var(--artdeco-reset-base-margin-zero); padding: var(--artdeco-reset-base-padding-zero); border: var(--artdeco-reset-base-border-zero); font-size: var(--artdeco-reset-base-font-size-hundred-percent); vertical-align: var(--artdeco-reset-base-vertical-align-baseline); background-image: ; background-position-x: ; background-position-y: ; background-size: ; background-repeat: ; background-attachment: ; background-origin: ; background-clip: ; outline: var(--artdeco-reset-base-outline-zero); font-family: var(--artdeco-reset-typography-font-family-sans); white-space: pre !important;\"> <\/span>les encadrent au quotidien. Et chaque ann\u00e9e,<span class=\"white-space-pre\" style=\"box-sizing: inherit; margin: var(--artdeco-reset-base-margin-zero); padding: var(--artdeco-reset-base-padding-zero); border: var(--artdeco-reset-base-border-zero); font-size: var(--artdeco-reset-base-font-size-hundred-percent); vertical-align: var(--artdeco-reset-base-vertical-align-baseline); background-image: ; background-position-x: ; background-position-y: ; background-size: ; background-repeat: ; background-attachment: ; background-origin: ; background-clip: ; outline: var(--artdeco-reset-base-outline-zero); font-family: var(--artdeco-reset-typography-font-family-sans); white-space: pre !important;\"> <\/span><span style=\"box-sizing: inherit; margin: var(--artdeco-reset-base-margin-zero); padding: var(--artdeco-reset-base-padding-zero); border: var(--artdeco-reset-base-border-zero); font-size: var(--artdeco-reset-base-font-size-hundred-percent); vertical-align: var(--artdeco-reset-base-vertical-align-baseline); background-image: ; background-position-x: ; background-position-y: ; background-size: ; background-repeat: ; background-attachment: ; background-origin: ; background-clip: ; outline: var(--artdeco-reset-base-outline-zero); font-family: var(--artdeco-reset-typography-font-family-sans);\">pr\u00e8s de 300 nouveaux arrivants<\/span><span class=\"white-space-pre\" style=\"box-sizing: inherit; margin: var(--artdeco-reset-base-margin-zero); padding: var(--artdeco-reset-base-padding-zero); border: var(--artdeco-reset-base-border-zero); font-size: var(--artdeco-reset-base-font-size-hundred-percent); vertical-align: var(--artdeco-reset-base-vertical-align-baseline); background-image: ; background-position-x: ; background-position-y: ; background-size: ; background-repeat: ; background-attachment: ; background-origin: ; background-clip: ; outline: var(--artdeco-reset-base-outline-zero); font-family: var(--artdeco-reset-typography-font-family-sans); white-space: pre !important;\"> <\/span>rejoignent le secteur, parfois sans formation initiale adapt\u00e9e. Autrement dit : la formation, c\u2019est pas un luxe. C\u2019est vital.<\/p><p id=\"ember1005\" class=\"ember-view reader-text-block__paragraph\" style=\"box-sizing: inherit; margin-bottom: var(--spacing-four-x); padding: var(--artdeco-reset-base-padding-zero); border: var(--artdeco-reset-base-border-zero); vertical-align: var(--artdeco-reset-base-vertical-align-baseline); background-image: ; background-position-x: ; background-position-y: ; background-size: ; background-repeat: ; background-attachment: ; background-origin: ; background-clip: ; line-height: var(--line-height-open); color: rgba(0, 0, 0, 0.9); font-family: -apple-system, system-ui, BlinkMacSystemFont, &quot;Segoe UI&quot;, Roboto, &quot;Helvetica Neue&quot;, &quot;Fira Sans&quot;, Ubuntu, Oxygen, &quot;Oxygen Sans&quot;, Cantarell, &quot;Droid Sans&quot;, &quot;Apple Color Emoji&quot;, &quot;Segoe UI Emoji&quot;, &quot;Segoe UI Emoji&quot;, &quot;Segoe UI Symbol&quot;, &quot;Lucida Grande&quot;, Helvetica, Arial, sans-serif; pointer-events: all; caret-color: rgba(0, 0, 0, 0.9);\">Du c\u00f4t\u00e9 des accidents du travail, les chiffres de la CNS et de l\u2019AAA parlent d\u2019eux-m\u00eames. Chutes, port de charges, morsures, griffures\u2026 Le secteur est expos\u00e9. Et pas uniquement sur le plan physique. Le stress, la charge mentale, la fatigue \u00e9motionnelle font aussi partie du d\u00e9cor.<span class=\"white-space-pre\" style=\"box-sizing: inherit; margin: var(--artdeco-reset-base-margin-zero); padding: var(--artdeco-reset-base-padding-zero); border: var(--artdeco-reset-base-border-zero); font-size: var(--artdeco-reset-base-font-size-hundred-percent); vertical-align: var(--artdeco-reset-base-vertical-align-baseline); background-image: ; background-position-x: ; background-position-y: ; background-size: ; background-repeat: ; background-attachment: ; background-origin: ; background-clip: ; outline: var(--artdeco-reset-base-outline-zero); font-family: var(--artdeco-reset-typography-font-family-sans); white-space: pre !important;\"> <\/span><span style=\"box-sizing: inherit; margin: var(--artdeco-reset-base-margin-zero); padding: var(--artdeco-reset-base-padding-zero); border: var(--artdeco-reset-base-border-zero); font-size: var(--artdeco-reset-base-font-size-hundred-percent); vertical-align: var(--artdeco-reset-base-vertical-align-baseline); background-image: ; background-position-x: ; background-position-y: ; background-size: ; background-repeat: ; background-attachment: ; background-origin: ; background-clip: ; outline: var(--artdeco-reset-base-outline-zero); font-family: var(--artdeco-reset-typography-font-family-sans);\">Former, c\u2019est aussi pr\u00e9venir l\u2019\u00e9puisement.<\/span><\/p><h3 id=\"ember1006\" class=\"ember-view reader-text-block__heading-3\" style=\"box-sizing: inherit; margin-bottom: var(--spacing-two-x); padding: var(--artdeco-reset-base-padding-zero); border: var(--artdeco-reset-base-border-zero); font-size: var(--font-size-xlarge); vertical-align: var(--artdeco-reset-base-vertical-align-baseline); background-image: ; background-position-x: ; background-position-y: ; background-size: ; background-repeat: ; background-attachment: ; background-origin: ; background-clip: ; outline: var(--artdeco-reset-base-outline-zero); color: rgba(0, 0, 0, 0.9); line-height: var(--line-height-default); font-family: -apple-system, system-ui, BlinkMacSystemFont, &quot;Segoe UI&quot;, Roboto, &quot;Helvetica Neue&quot;, &quot;Fira Sans&quot;, Ubuntu, Oxygen, &quot;Oxygen Sans&quot;, Cantarell, &quot;Droid Sans&quot;, &quot;Apple Color Emoji&quot;, &quot;Segoe UI Emoji&quot;, &quot;Segoe UI Emoji&quot;, &quot;Segoe UI Symbol&quot;, &quot;Lucida Grande&quot;, Helvetica, Arial, sans-serif; caret-color: rgba(0, 0, 0, 0.9);\">Ce qu\u2019il faut pouvoir pr\u00e9senter en cas de contr\u00f4le<\/h3><p id=\"ember1007\" class=\"ember-view reader-text-block__paragraph\" style=\"box-sizing: inherit; margin-bottom: var(--spacing-four-x); padding: var(--artdeco-reset-base-padding-zero); border: var(--artdeco-reset-base-border-zero); vertical-align: var(--artdeco-reset-base-vertical-align-baseline); background-image: ; background-position-x: ; background-position-y: ; background-size: ; background-repeat: ; background-attachment: ; background-origin: ; background-clip: ; line-height: var(--line-height-open); color: rgba(0, 0, 0, 0.9); font-family: -apple-system, system-ui, BlinkMacSystemFont, &quot;Segoe UI&quot;, Roboto, &quot;Helvetica Neue&quot;, &quot;Fira Sans&quot;, Ubuntu, Oxygen, &quot;Oxygen Sans&quot;, Cantarell, &quot;Droid Sans&quot;, &quot;Apple Color Emoji&quot;, &quot;Segoe UI Emoji&quot;, &quot;Segoe UI Emoji&quot;, &quot;Segoe UI Symbol&quot;, &quot;Lucida Grande&quot;, Helvetica, Arial, sans-serif; pointer-events: all; caret-color: rgba(0, 0, 0, 0.9);\">Quand l\u2019ITM passe ou qu\u2019un incident survient, il ne suffit pas de dire que les \u00e9quipes sont form\u00e9es. Il faut pouvoir le prouver. Et pour \u00e7a, chaque structure doit tenir \u00e0 jour :<\/p><p id=\"ember1008\" class=\"ember-view reader-text-block__paragraph\" style=\"box-sizing: inherit; margin-bottom: var(--spacing-four-x); padding: var(--artdeco-reset-base-padding-zero); border: var(--artdeco-reset-base-border-zero); vertical-align: var(--artdeco-reset-base-vertical-align-baseline); background-image: ; background-position-x: ; background-position-y: ; background-size: ; background-repeat: ; background-attachment: ; background-origin: ; background-clip: ; line-height: var(--line-height-open); color: rgba(0, 0, 0, 0.9); font-family: -apple-system, system-ui, BlinkMacSystemFont, &quot;Segoe UI&quot;, Roboto, &quot;Helvetica Neue&quot;, &quot;Fira Sans&quot;, Ubuntu, Oxygen, &quot;Oxygen Sans&quot;, Cantarell, &quot;Droid Sans&quot;, &quot;Apple Color Emoji&quot;, &quot;Segoe UI Emoji&quot;, &quot;Segoe UI Emoji&quot;, &quot;Segoe UI Symbol&quot;, &quot;Lucida Grande&quot;, Helvetica, Arial, sans-serif; pointer-events: all; caret-color: rgba(0, 0, 0, 0.9);\"><\/p><ul style=\"caret-color: rgb(0, 0, 0); font-family: var(--artdeco-reset-typography-font-family-sans); box-sizing: inherit; margin-bottom: var(--spacing-four-x); padding-left: var(--spacing-four-x); border: var(--artdeco-reset-base-border-zero); font-size: var(--font-size-medium); vertical-align: var(--artdeco-reset-base-vertical-align-baseline); background-image: ; background-position-x: ; background-position-y: ; background-size: ; background-repeat: ; background-attachment: ; background-origin: ; background-clip: ; line-height: var(--line-height-open);\"><li style=\"box-sizing: inherit; margin-bottom: var(--spacing-one-x); padding-left: var(--spacing-one-x); border: var(--artdeco-reset-base-border-zero); font-size: var(--artdeco-reset-base-font-size-hundred-percent); vertical-align: var(--artdeco-reset-base-vertical-align-baseline); background-image: ; background-position-x: ; background-position-y: ; background-size: ; background-repeat: ; background-attachment: ; background-origin: ; background-clip: ; font-family: var(--artdeco-reset-typography-font-family-sans);\">Les attestations de participation valid\u00e9es (par un organisme agr\u00e9\u00e9, toujours).<\/li><li style=\"box-sizing: inherit; margin-bottom: var(--spacing-one-x); padding-left: var(--spacing-one-x); border: var(--artdeco-reset-base-border-zero); font-size: var(--artdeco-reset-base-font-size-hundred-percent); vertical-align: var(--artdeco-reset-base-vertical-align-baseline); background-image: ; background-position-x: ; background-position-y: ; background-size: ; background-repeat: ; background-attachment: ; background-origin: ; background-clip: ; font-family: var(--artdeco-reset-typography-font-family-sans);\">Les plans de formation.<\/li><li style=\"box-sizing: inherit; margin-bottom: var(--spacing-one-x); padding-left: var(--spacing-one-x); border: var(--artdeco-reset-base-border-zero); font-size: var(--artdeco-reset-base-font-size-hundred-percent); vertical-align: var(--artdeco-reset-base-vertical-align-baseline); background-image: ; background-position-x: ; background-position-y: ; background-size: ; background-repeat: ; background-attachment: ; background-origin: ; background-clip: ; font-family: var(--artdeco-reset-typography-font-family-sans);\">Les pr\u00e9sences et suivis individuels.<\/li><li style=\"box-sizing: inherit; margin-bottom: var(--spacing-one-x); padding-left: var(--spacing-one-x); border: var(--artdeco-reset-base-border-zero); font-size: var(--artdeco-reset-base-font-size-hundred-percent); vertical-align: var(--artdeco-reset-base-vertical-align-baseline); background-image: ; background-position-x: ; background-position-y: ; background-size: ; background-repeat: ; background-attachment: ; background-origin: ; background-clip: ; font-family: var(--artdeco-reset-typography-font-family-sans);\">Les mises \u00e0 jour (recyclages, formations continues).<\/li><li style=\"box-sizing: inherit; margin-bottom: var(--spacing-one-x); padding-left: var(--spacing-one-x); border: var(--artdeco-reset-base-border-zero); font-size: var(--artdeco-reset-base-font-size-hundred-percent); vertical-align: var(--artdeco-reset-base-vertical-align-baseline); background-image: ; background-position-x: ; background-position-y: ; background-size: ; background-repeat: ; background-attachment: ; background-origin: ; background-clip: ; font-family: var(--artdeco-reset-typography-font-family-sans);\">Le DUERP, \u00e0 jour et int\u00e9grant les risques identifi\u00e9s dans l\u2019activit\u00e9 r\u00e9elle.<\/li><\/ul><p style=\"caret-color: rgb(0, 0, 0); color: rgb(0, 0, 0);\"><\/p><p id=\"ember1009\" class=\"ember-view reader-text-block__paragraph\" style=\"box-sizing: inherit; margin-bottom: var(--spacing-four-x); padding: var(--artdeco-reset-base-padding-zero); border: var(--artdeco-reset-base-border-zero); vertical-align: var(--artdeco-reset-base-vertical-align-baseline); background-image: ; background-position-x: ; background-position-y: ; background-size: ; background-repeat: ; background-attachment: ; background-origin: ; background-clip: ; line-height: var(--line-height-open); color: rgba(0, 0, 0, 0.9); font-family: -apple-system, system-ui, BlinkMacSystemFont, &quot;Segoe UI&quot;, Roboto, &quot;Helvetica Neue&quot;, &quot;Fira Sans&quot;, Ubuntu, Oxygen, &quot;Oxygen Sans&quot;, Cantarell, &quot;Droid Sans&quot;, &quot;Apple Color Emoji&quot;, &quot;Segoe UI Emoji&quot;, &quot;Segoe UI Emoji&quot;, &quot;Segoe UI Symbol&quot;, &quot;Lucida Grande&quot;, Helvetica, Arial, sans-serif; pointer-events: all; caret-color: rgba(0, 0, 0, 0.9);\">Sans \u00e7a, la responsabilit\u00e9 peut retomber sur la direction. Et dans ce secteur, les cons\u00e9quences ne sont jamais anodines.<\/p><h3 id=\"ember1010\" class=\"ember-view reader-text-block__heading-3\" style=\"box-sizing: inherit; margin-bottom: var(--spacing-two-x); padding: var(--artdeco-reset-base-padding-zero); border: var(--artdeco-reset-base-border-zero); font-size: var(--font-size-xlarge); vertical-align: var(--artdeco-reset-base-vertical-align-baseline); background-image: ; background-position-x: ; background-position-y: ; background-size: ; background-repeat: ; background-attachment: ; background-origin: ; background-clip: ; outline: var(--artdeco-reset-base-outline-zero); color: rgba(0, 0, 0, 0.9); line-height: var(--line-height-default); font-family: -apple-system, system-ui, BlinkMacSystemFont, &quot;Segoe UI&quot;, Roboto, &quot;Helvetica Neue&quot;, &quot;Fira Sans&quot;, Ubuntu, Oxygen, &quot;Oxygen Sans&quot;, Cantarell, &quot;Droid Sans&quot;, &quot;Apple Color Emoji&quot;, &quot;Segoe UI Emoji&quot;, &quot;Segoe UI Emoji&quot;, &quot;Segoe UI Symbol&quot;, &quot;Lucida Grande&quot;, Helvetica, Arial, sans-serif; caret-color: rgba(0, 0, 0, 0.9);\">Chez OFSIP, on s\u2019adapte au terrain. Pas l\u2019inverse.<\/h3><p id=\"ember1011\" class=\"ember-view reader-text-block__paragraph\" style=\"box-sizing: inherit; margin-bottom: var(--spacing-four-x); padding: var(--artdeco-reset-base-padding-zero); border: var(--artdeco-reset-base-border-zero); vertical-align: var(--artdeco-reset-base-vertical-align-baseline); background-image: ; background-position-x: ; background-position-y: ; background-size: ; background-repeat: ; background-attachment: ; background-origin: ; background-clip: ; line-height: var(--line-height-open); color: rgba(0, 0, 0, 0.9); font-family: -apple-system, system-ui, BlinkMacSystemFont, &quot;Segoe UI&quot;, Roboto, &quot;Helvetica Neue&quot;, &quot;Fira Sans&quot;, Ubuntu, Oxygen, &quot;Oxygen Sans&quot;, Cantarell, &quot;Droid Sans&quot;, &quot;Apple Color Emoji&quot;, &quot;Segoe UI Emoji&quot;, &quot;Segoe UI Emoji&quot;, &quot;Segoe UI Symbol&quot;, &quot;Lucida Grande&quot;, Helvetica, Arial, sans-serif; pointer-events: all; caret-color: rgba(0, 0, 0, 0.9);\">On n\u2019arrive pas avec un PowerPoint pr\u00e9con\u00e7u. On parle du quotidien r\u00e9el : des situations v\u00e9cues, des urgences g\u00e9r\u00e9es, des incompr\u00e9hensions avec les familles, des enfants qui ne dorment pas, des coll\u00e8gues \u00e9puis\u00e9(e)s\u2026 On construit la formation autour de \u00e7a.<\/p><p id=\"ember1012\" class=\"ember-view reader-text-block__paragraph\" style=\"box-sizing: inherit; margin-bottom: var(--spacing-four-x); padding: var(--artdeco-reset-base-padding-zero); border: var(--artdeco-reset-base-border-zero); vertical-align: var(--artdeco-reset-base-vertical-align-baseline); background-image: ; background-position-x: ; background-position-y: ; background-size: ; background-repeat: ; background-attachment: ; background-origin: ; background-clip: ; line-height: var(--line-height-open); color: rgba(0, 0, 0, 0.9); font-family: -apple-system, system-ui, BlinkMacSystemFont, &quot;Segoe UI&quot;, Roboto, &quot;Helvetica Neue&quot;, &quot;Fira Sans&quot;, Ubuntu, Oxygen, &quot;Oxygen Sans&quot;, Cantarell, &quot;Droid Sans&quot;, &quot;Apple Color Emoji&quot;, &quot;Segoe UI Emoji&quot;, &quot;Segoe UI Emoji&quot;, &quot;Segoe UI Symbol&quot;, &quot;Lucida Grande&quot;, Helvetica, Arial, sans-serif; pointer-events: all; caret-color: rgba(0, 0, 0, 0.9);\">Nos formateurs sont \u00e0 la fois experts en pr\u00e9vention, en gestion de crise, et en p\u00e9dagogie li\u00e9e au jeune enfant. On intervient sur site ou \u00e0 distance, en fran\u00e7ais ou en anglais, avec un seul objectif : que les participants repartent avec des outils concrets, utilisables, r\u00e9alistes.<\/p><p id=\"ember1013\" class=\"ember-view reader-text-block__paragraph\" style=\"box-sizing: inherit; margin-bottom: var(--spacing-four-x); padding: var(--artdeco-reset-base-padding-zero); border: var(--artdeco-reset-base-border-zero); vertical-align: var(--artdeco-reset-base-vertical-align-baseline); background-image: ; background-position-x: ; background-position-y: ; background-size: ; background-repeat: ; background-attachment: ; background-origin: ; background-clip: ; line-height: var(--line-height-open); color: rgba(0, 0, 0, 0.9); font-family: -apple-system, system-ui, BlinkMacSystemFont, &quot;Segoe UI&quot;, Roboto, &quot;Helvetica Neue&quot;, &quot;Fira Sans&quot;, Ubuntu, Oxygen, &quot;Oxygen Sans&quot;, Cantarell, &quot;Droid Sans&quot;, &quot;Apple Color Emoji&quot;, &quot;Segoe UI Emoji&quot;, &quot;Segoe UI Emoji&quot;, &quot;Segoe UI Symbol&quot;, &quot;Lucida Grande&quot;, Helvetica, Arial, sans-serif; pointer-events: all; caret-color: rgba(0, 0, 0, 0.9);\">Et comme on est<span class=\"white-space-pre\" style=\"box-sizing: inherit; margin: var(--artdeco-reset-base-margin-zero); padding: var(--artdeco-reset-base-padding-zero); border: var(--artdeco-reset-base-border-zero); font-size: var(--artdeco-reset-base-font-size-hundred-percent); vertical-align: var(--artdeco-reset-base-vertical-align-baseline); background-image: ; background-position-x: ; background-position-y: ; background-size: ; background-repeat: ; background-attachment: ; background-origin: ; background-clip: ; outline: var(--artdeco-reset-base-outline-zero); font-family: var(--artdeco-reset-typography-font-family-sans); white-space: pre !important;\"> <\/span><span style=\"box-sizing: inherit; margin: var(--artdeco-reset-base-margin-zero); padding: var(--artdeco-reset-base-padding-zero); border: var(--artdeco-reset-base-border-zero); font-size: var(--artdeco-reset-base-font-size-hundred-percent); vertical-align: var(--artdeco-reset-base-vertical-align-baseline); background-image: ; background-position-x: ; background-position-y: ; background-size: ; background-repeat: ; background-attachment: ; background-origin: ; background-clip: ; outline: var(--artdeco-reset-base-outline-zero); font-family: var(--artdeco-reset-typography-font-family-sans);\">agr\u00e9\u00e9s par le SNJ<\/span>,<span class=\"white-space-pre\" style=\"box-sizing: inherit; margin: var(--artdeco-reset-base-margin-zero); padding: var(--artdeco-reset-base-padding-zero); border: var(--artdeco-reset-base-border-zero); font-size: var(--artdeco-reset-base-font-size-hundred-percent); vertical-align: var(--artdeco-reset-base-vertical-align-baseline); background-image: ; background-position-x: ; background-position-y: ; background-size: ; background-repeat: ; background-attachment: ; background-origin: ; background-clip: ; outline: var(--artdeco-reset-base-outline-zero); font-family: var(--artdeco-reset-typography-font-family-sans); white-space: pre !important;\"> <\/span><span style=\"box-sizing: inherit; margin: var(--artdeco-reset-base-margin-zero); padding: var(--artdeco-reset-base-padding-zero); border: var(--artdeco-reset-base-border-zero); font-size: var(--artdeco-reset-base-font-size-hundred-percent); vertical-align: var(--artdeco-reset-base-vertical-align-baseline); background-image: ; background-position-x: ; background-position-y: ; background-size: ; background-repeat: ; background-attachment: ; background-origin: ; background-clip: ; outline: var(--artdeco-reset-base-outline-zero); font-family: var(--artdeco-reset-typography-font-family-sans);\">en conformit\u00e9 ITM<\/span>, et<span class=\"white-space-pre\" style=\"box-sizing: inherit; margin: var(--artdeco-reset-base-margin-zero); padding: var(--artdeco-reset-base-padding-zero); border: var(--artdeco-reset-base-border-zero); font-size: var(--artdeco-reset-base-font-size-hundred-percent); vertical-align: var(--artdeco-reset-base-vertical-align-baseline); background-image: ; background-position-x: ; background-position-y: ; background-size: ; background-repeat: ; background-attachment: ; background-origin: ; background-clip: ; outline: var(--artdeco-reset-base-outline-zero); font-family: var(--artdeco-reset-typography-font-family-sans); white-space: pre !important;\"> <\/span><span style=\"box-sizing: inherit; margin: var(--artdeco-reset-base-margin-zero); padding: var(--artdeco-reset-base-padding-zero); border: var(--artdeco-reset-base-border-zero); font-size: var(--artdeco-reset-base-font-size-hundred-percent); vertical-align: var(--artdeco-reset-base-vertical-align-baseline); background-image: ; background-position-x: ; background-position-y: ; background-size: ; background-repeat: ; background-attachment: ; background-origin: ; background-clip: ; outline: var(--artdeco-reset-base-outline-zero); font-family: var(--artdeco-reset-typography-font-family-sans);\">au fait des exigences AAA<\/span>, vous avez un cadre clair, s\u00e9curis\u00e9, et surtout utile.<\/p>\t\t\t\t\t\t\t\t<\/div>\n\t\t\t\t<\/div>\n\t\t\t\t\t<\/div>\n\t\t\t\t<\/div>\n\t\t\t\t<\/div>","protected":false},"excerpt":{"rendered":"<p>Travailler aupr\u00e8s d\u2019enfants, \u00e7a ne s\u2019improvise pas. Qu\u2019on soit en cr\u00e8che, en maison relais, \u00e0 l\u2019\u00e9cole ou dans toute autre structure d\u2019accueil, accompagner les enfants, ce n\u2019est pas un travail comme un autre. C\u2019est une responsabilit\u00e9 immense, souvent invisible, mais omnipr\u00e9sente. On veille sur leur s\u00e9curit\u00e9, leur bien-\u00eatre, leur d\u00e9veloppement, parfois m\u00eame leur \u00e9quilibre \u00e9motionnel. [&hellip;]<\/p>","protected":false},"author":1,"featured_media":2653,"comment_status":"closed","ping_status":"open","sticky":false,"template":"","format":"standard","meta":{"_jetpack_memberships_contains_paid_content":false,"footnotes":""},"categories":[1],"tags":[],"class_list":["post-2652","post","type-post","status-publish","format-standard","has-post-thumbnail","hentry","category-blog"],"yoast_head":"<!-- This site is optimized with the Yoast SEO plugin v25.4 - https:\/\/yoast.com\/wordpress\/plugins\/seo\/ -->\n<title>RISKWATCH #20 Former pour prot\u00e9ger : la s\u00e9curit\u00e9 dans les m\u00e9tiers de la petite enfance - OFSIP<\/title>\n<meta name=\"robots\" content=\"index, follow, max-snippet:-1, max-image-preview:large, max-video-preview:-1\" \/>\n<link rel=\"canonical\" href=\"https:\/\/ofsip.lu\/en\/riskwatch-20-former-pour-proteger-la-securite-dans-les-metiers-de-la-petite-enfance\/\" \/>\n<meta property=\"og:locale\" content=\"en_GB\" \/>\n<meta property=\"og:type\" content=\"article\" \/>\n<meta property=\"og:title\" content=\"RISKWATCH #20 Former pour prot\u00e9ger : la s\u00e9curit\u00e9 dans les m\u00e9tiers de la petite enfance - OFSIP\" \/>\n<meta property=\"og:description\" content=\"Travailler aupr\u00e8s d\u2019enfants, \u00e7a ne s\u2019improvise pas. Qu\u2019on soit en cr\u00e8che, en maison relais, \u00e0 l\u2019\u00e9cole ou dans toute autre structure d\u2019accueil, accompagner les enfants, ce n\u2019est pas un travail comme un autre. C\u2019est une responsabilit\u00e9 immense, souvent invisible, mais omnipr\u00e9sente. On veille sur leur s\u00e9curit\u00e9, leur bien-\u00eatre, leur d\u00e9veloppement, parfois m\u00eame leur \u00e9quilibre \u00e9motionnel. [&hellip;]\" \/>\n<meta property=\"og:url\" content=\"https:\/\/ofsip.lu\/en\/riskwatch-20-former-pour-proteger-la-securite-dans-les-metiers-de-la-petite-enfance\/\" \/>\n<meta property=\"og:site_name\" content=\"OFSIP\" \/>\n<meta property=\"article:published_time\" content=\"2025-08-07T13:09:07+00:00\" \/>\n<meta property=\"article:modified_time\" content=\"2025-08-07T13:10:13+00:00\" \/>\n<meta property=\"og:image\" content=\"https:\/\/ofsip.lu\/wp-content\/uploads\/2025\/08\/2.png\" \/>\n\t<meta property=\"og:image:width\" content=\"1280\" \/>\n\t<meta property=\"og:image:height\" content=\"720\" \/>\n\t<meta property=\"og:image:type\" content=\"image\/png\" \/>\n<meta name=\"author\" content=\"S\u00e9bastien\" \/>\n<meta name=\"twitter:card\" content=\"summary_large_image\" \/>\n<meta name=\"twitter:label1\" content=\"Written by\" \/>\n\t<meta name=\"twitter:data1\" content=\"S\u00e9bastien\" \/>\n\t<meta name=\"twitter:label2\" content=\"Estimated reading time\" \/>\n\t<meta name=\"twitter:data2\" content=\"4 minutes\" \/>\n<script type=\"application\/ld+json\" class=\"yoast-schema-graph\">{\"@context\":\"https:\/\/schema.org\",\"@graph\":[{\"@type\":\"Article\",\"@id\":\"https:\/\/ofsip.lu\/riskwatch-20-former-pour-proteger-la-securite-dans-les-metiers-de-la-petite-enfance\/#article\",\"isPartOf\":{\"@id\":\"https:\/\/ofsip.lu\/riskwatch-20-former-pour-proteger-la-securite-dans-les-metiers-de-la-petite-enfance\/\"},\"author\":{\"name\":\"S\u00e9bastien\",\"@id\":\"https:\/\/ofsip.lu\/#\/schema\/person\/f67b0e39696714296557c2ceff8435d8\"},\"headline\":\"RISKWATCH #20 Former pour prot\u00e9ger : la s\u00e9curit\u00e9 dans les m\u00e9tiers de la petite enfance\",\"datePublished\":\"2025-08-07T13:09:07+00:00\",\"dateModified\":\"2025-08-07T13:10:13+00:00\",\"mainEntityOfPage\":{\"@id\":\"https:\/\/ofsip.lu\/riskwatch-20-former-pour-proteger-la-securite-dans-les-metiers-de-la-petite-enfance\/\"},\"wordCount\":772,\"publisher\":{\"@id\":\"https:\/\/ofsip.lu\/#organization\"},\"image\":{\"@id\":\"https:\/\/ofsip.lu\/riskwatch-20-former-pour-proteger-la-securite-dans-les-metiers-de-la-petite-enfance\/#primaryimage\"},\"thumbnailUrl\":\"https:\/\/ofsip.lu\/wp-content\/uploads\/2025\/08\/2.png\",\"articleSection\":[\"Blog\"],\"inLanguage\":\"en-GB\"},{\"@type\":\"WebPage\",\"@id\":\"https:\/\/ofsip.lu\/riskwatch-20-former-pour-proteger-la-securite-dans-les-metiers-de-la-petite-enfance\/\",\"url\":\"https:\/\/ofsip.lu\/riskwatch-20-former-pour-proteger-la-securite-dans-les-metiers-de-la-petite-enfance\/\",\"name\":\"RISKWATCH #20 Former pour prot\u00e9ger : la s\u00e9curit\u00e9 dans les m\u00e9tiers de la petite enfance - OFSIP\",\"isPartOf\":{\"@id\":\"https:\/\/ofsip.lu\/#website\"},\"primaryImageOfPage\":{\"@id\":\"https:\/\/ofsip.lu\/riskwatch-20-former-pour-proteger-la-securite-dans-les-metiers-de-la-petite-enfance\/#primaryimage\"},\"image\":{\"@id\":\"https:\/\/ofsip.lu\/riskwatch-20-former-pour-proteger-la-securite-dans-les-metiers-de-la-petite-enfance\/#primaryimage\"},\"thumbnailUrl\":\"https:\/\/ofsip.lu\/wp-content\/uploads\/2025\/08\/2.png\",\"datePublished\":\"2025-08-07T13:09:07+00:00\",\"dateModified\":\"2025-08-07T13:10:13+00:00\",\"breadcrumb\":{\"@id\":\"https:\/\/ofsip.lu\/riskwatch-20-former-pour-proteger-la-securite-dans-les-metiers-de-la-petite-enfance\/#breadcrumb\"},\"inLanguage\":\"en-GB\",\"potentialAction\":[{\"@type\":\"ReadAction\",\"target\":[\"https:\/\/ofsip.lu\/riskwatch-20-former-pour-proteger-la-securite-dans-les-metiers-de-la-petite-enfance\/\"]}]},{\"@type\":\"ImageObject\",\"inLanguage\":\"en-GB\",\"@id\":\"https:\/\/ofsip.lu\/riskwatch-20-former-pour-proteger-la-securite-dans-les-metiers-de-la-petite-enfance\/#primaryimage\",\"url\":\"https:\/\/ofsip.lu\/wp-content\/uploads\/2025\/08\/2.png\",\"contentUrl\":\"https:\/\/ofsip.lu\/wp-content\/uploads\/2025\/08\/2.png\",\"width\":1280,\"height\":720},{\"@type\":\"BreadcrumbList\",\"@id\":\"https:\/\/ofsip.lu\/riskwatch-20-former-pour-proteger-la-securite-dans-les-metiers-de-la-petite-enfance\/#breadcrumb\",\"itemListElement\":[{\"@type\":\"ListItem\",\"position\":1,\"name\":\"Home\",\"item\":\"https:\/\/ofsip.lu\/\"},{\"@type\":\"ListItem\",\"position\":2,\"name\":\"RISKWATCH #20 Former pour prot\u00e9ger : la s\u00e9curit\u00e9 dans les m\u00e9tiers de la petite enfance\"}]},{\"@type\":\"WebSite\",\"@id\":\"https:\/\/ofsip.lu\/#website\",\"url\":\"https:\/\/ofsip.lu\/\",\"name\":\"OFSIP\",\"description\":\"S\u00e9curiser l&#039;humain, renforcer l&#039;entreprise\",\"publisher\":{\"@id\":\"https:\/\/ofsip.lu\/#organization\"},\"potentialAction\":[{\"@type\":\"SearchAction\",\"target\":{\"@type\":\"EntryPoint\",\"urlTemplate\":\"https:\/\/ofsip.lu\/?s={search_term_string}\"},\"query-input\":{\"@type\":\"PropertyValueSpecification\",\"valueRequired\":true,\"valueName\":\"search_term_string\"}}],\"inLanguage\":\"en-GB\"},{\"@type\":\"Organization\",\"@id\":\"https:\/\/ofsip.lu\/#organization\",\"name\":\"OFSIP\",\"url\":\"https:\/\/ofsip.lu\/\",\"logo\":{\"@type\":\"ImageObject\",\"inLanguage\":\"en-GB\",\"@id\":\"https:\/\/ofsip.lu\/#\/schema\/logo\/image\/\",\"url\":\"https:\/\/ofsip.lu\/wp-content\/uploads\/2025\/07\/Logo-OFSIP-Color-sans-detail.png\",\"contentUrl\":\"https:\/\/ofsip.lu\/wp-content\/uploads\/2025\/07\/Logo-OFSIP-Color-sans-detail.png\",\"width\":486,\"height\":460,\"caption\":\"OFSIP\"},\"image\":{\"@id\":\"https:\/\/ofsip.lu\/#\/schema\/logo\/image\/\"}},{\"@type\":\"Person\",\"@id\":\"https:\/\/ofsip.lu\/#\/schema\/person\/f67b0e39696714296557c2ceff8435d8\",\"name\":\"S\u00e9bastien\",\"sameAs\":[\"https:\/\/ofsip.lu\",\"https:\/\/www.linkedin.com\/com\/entreprise\/ofsipsarl\/\"],\"url\":\"https:\/\/ofsip.lu\/en\/author\/sebastian\/\"}]}<\/script>\n<!-- \/ Yoast SEO plugin. -->","yoast_head_json":{"title":"RISKWATCH #20 Former pour prot\u00e9ger : la s\u00e9curit\u00e9 dans les m\u00e9tiers de la petite enfance - OFSIP","robots":{"index":"index","follow":"follow","max-snippet":"max-snippet:-1","max-image-preview":"max-image-preview:large","max-video-preview":"max-video-preview:-1"},"canonical":"https:\/\/ofsip.lu\/en\/riskwatch-20-former-pour-proteger-la-securite-dans-les-metiers-de-la-petite-enfance\/","og_locale":"en_GB","og_type":"article","og_title":"RISKWATCH #20 Former pour prot\u00e9ger : la s\u00e9curit\u00e9 dans les m\u00e9tiers de la petite enfance - OFSIP","og_description":"Travailler aupr\u00e8s d\u2019enfants, \u00e7a ne s\u2019improvise pas. Qu\u2019on soit en cr\u00e8che, en maison relais, \u00e0 l\u2019\u00e9cole ou dans toute autre structure d\u2019accueil, accompagner les enfants, ce n\u2019est pas un travail comme un autre. C\u2019est une responsabilit\u00e9 immense, souvent invisible, mais omnipr\u00e9sente. On veille sur leur s\u00e9curit\u00e9, leur bien-\u00eatre, leur d\u00e9veloppement, parfois m\u00eame leur \u00e9quilibre \u00e9motionnel. [&hellip;]","og_url":"https:\/\/ofsip.lu\/en\/riskwatch-20-former-pour-proteger-la-securite-dans-les-metiers-de-la-petite-enfance\/","og_site_name":"OFSIP","article_published_time":"2025-08-07T13:09:07+00:00","article_modified_time":"2025-08-07T13:10:13+00:00","og_image":[{"width":1280,"height":720,"url":"https:\/\/ofsip.lu\/wp-content\/uploads\/2025\/08\/2.png","type":"image\/png"}],"author":"S\u00e9bastien","twitter_card":"summary_large_image","twitter_misc":{"Written by":"S\u00e9bastien","Estimated reading time":"4 minutes"},"schema":{"@context":"https:\/\/schema.org","@graph":[{"@type":"Article","@id":"https:\/\/ofsip.lu\/riskwatch-20-former-pour-proteger-la-securite-dans-les-metiers-de-la-petite-enfance\/#article","isPartOf":{"@id":"https:\/\/ofsip.lu\/riskwatch-20-former-pour-proteger-la-securite-dans-les-metiers-de-la-petite-enfance\/"},"author":{"name":"S\u00e9bastien","@id":"https:\/\/ofsip.lu\/#\/schema\/person\/f67b0e39696714296557c2ceff8435d8"},"headline":"RISKWATCH #20 Former pour prot\u00e9ger : la s\u00e9curit\u00e9 dans les m\u00e9tiers de la petite enfance","datePublished":"2025-08-07T13:09:07+00:00","dateModified":"2025-08-07T13:10:13+00:00","mainEntityOfPage":{"@id":"https:\/\/ofsip.lu\/riskwatch-20-former-pour-proteger-la-securite-dans-les-metiers-de-la-petite-enfance\/"},"wordCount":772,"publisher":{"@id":"https:\/\/ofsip.lu\/#organization"},"image":{"@id":"https:\/\/ofsip.lu\/riskwatch-20-former-pour-proteger-la-securite-dans-les-metiers-de-la-petite-enfance\/#primaryimage"},"thumbnailUrl":"https:\/\/ofsip.lu\/wp-content\/uploads\/2025\/08\/2.png","articleSection":["Blog"],"inLanguage":"en-GB"},{"@type":"WebPage","@id":"https:\/\/ofsip.lu\/riskwatch-20-former-pour-proteger-la-securite-dans-les-metiers-de-la-petite-enfance\/","url":"https:\/\/ofsip.lu\/riskwatch-20-former-pour-proteger-la-securite-dans-les-metiers-de-la-petite-enfance\/","name":"RISKWATCH #20 Former pour prot\u00e9ger : la s\u00e9curit\u00e9 dans les m\u00e9tiers de la petite enfance - OFSIP","isPartOf":{"@id":"https:\/\/ofsip.lu\/#website"},"primaryImageOfPage":{"@id":"https:\/\/ofsip.lu\/riskwatch-20-former-pour-proteger-la-securite-dans-les-metiers-de-la-petite-enfance\/#primaryimage"},"image":{"@id":"https:\/\/ofsip.lu\/riskwatch-20-former-pour-proteger-la-securite-dans-les-metiers-de-la-petite-enfance\/#primaryimage"},"thumbnailUrl":"https:\/\/ofsip.lu\/wp-content\/uploads\/2025\/08\/2.png","datePublished":"2025-08-07T13:09:07+00:00","dateModified":"2025-08-07T13:10:13+00:00","breadcrumb":{"@id":"https:\/\/ofsip.lu\/riskwatch-20-former-pour-proteger-la-securite-dans-les-metiers-de-la-petite-enfance\/#breadcrumb"},"inLanguage":"en-GB","potentialAction":[{"@type":"ReadAction","target":["https:\/\/ofsip.lu\/riskwatch-20-former-pour-proteger-la-securite-dans-les-metiers-de-la-petite-enfance\/"]}]},{"@type":"ImageObject","inLanguage":"en-GB","@id":"https:\/\/ofsip.lu\/riskwatch-20-former-pour-proteger-la-securite-dans-les-metiers-de-la-petite-enfance\/#primaryimage","url":"https:\/\/ofsip.lu\/wp-content\/uploads\/2025\/08\/2.png","contentUrl":"https:\/\/ofsip.lu\/wp-content\/uploads\/2025\/08\/2.png","width":1280,"height":720},{"@type":"BreadcrumbList","@id":"https:\/\/ofsip.lu\/riskwatch-20-former-pour-proteger-la-securite-dans-les-metiers-de-la-petite-enfance\/#breadcrumb","itemListElement":[{"@type":"ListItem","position":1,"name":"Home","item":"https:\/\/ofsip.lu\/"},{"@type":"ListItem","position":2,"name":"RISKWATCH #20 Former pour prot\u00e9ger : la s\u00e9curit\u00e9 dans les m\u00e9tiers de la petite enfance"}]},{"@type":"WebSite","@id":"https:\/\/ofsip.lu\/#website","url":"https:\/\/ofsip.lu\/","name":"OFSIP","description":"S\u00e9curiser l&#039;humain, renforcer l&#039;entreprise","publisher":{"@id":"https:\/\/ofsip.lu\/#organization"},"potentialAction":[{"@type":"SearchAction","target":{"@type":"EntryPoint","urlTemplate":"https:\/\/ofsip.lu\/?s={search_term_string}"},"query-input":{"@type":"PropertyValueSpecification","valueRequired":true,"valueName":"search_term_string"}}],"inLanguage":"en-GB"},{"@type":"Organization","@id":"https:\/\/ofsip.lu\/#organization","name":"OFSIP","url":"https:\/\/ofsip.lu\/","logo":{"@type":"ImageObject","inLanguage":"en-GB","@id":"https:\/\/ofsip.lu\/#\/schema\/logo\/image\/","url":"https:\/\/ofsip.lu\/wp-content\/uploads\/2025\/07\/Logo-OFSIP-Color-sans-detail.png","contentUrl":"https:\/\/ofsip.lu\/wp-content\/uploads\/2025\/07\/Logo-OFSIP-Color-sans-detail.png","width":486,"height":460,"caption":"OFSIP"},"image":{"@id":"https:\/\/ofsip.lu\/#\/schema\/logo\/image\/"}},{"@type":"Person","@id":"https:\/\/ofsip.lu\/#\/schema\/person\/f67b0e39696714296557c2ceff8435d8","name":"S\u00e9bastien","sameAs":["https:\/\/ofsip.lu","https:\/\/www.linkedin.com\/com\/entreprise\/ofsipsarl\/"],"url":"https:\/\/ofsip.lu\/en\/author\/sebastian\/"}]}},"jetpack_featured_media_url":"https:\/\/ofsip.lu\/wp-content\/uploads\/2025\/08\/2.png","jetpack_sharing_enabled":true,"_links":{"self":[{"href":"https:\/\/ofsip.lu\/en\/wp-json\/wp\/v2\/posts\/2652","targetHints":{"allow":["GET"]}}],"collection":[{"href":"https:\/\/ofsip.lu\/en\/wp-json\/wp\/v2\/posts"}],"about":[{"href":"https:\/\/ofsip.lu\/en\/wp-json\/wp\/v2\/types\/post"}],"author":[{"embeddable":true,"href":"https:\/\/ofsip.lu\/en\/wp-json\/wp\/v2\/users\/1"}],"replies":[{"embeddable":true,"href":"https:\/\/ofsip.lu\/en\/wp-json\/wp\/v2\/comments?post=2652"}],"version-history":[{"count":4,"href":"https:\/\/ofsip.lu\/en\/wp-json\/wp\/v2\/posts\/2652\/revisions"}],"predecessor-version":[{"id":2657,"href":"https:\/\/ofsip.lu\/en\/wp-json\/wp\/v2\/posts\/2652\/revisions\/2657"}],"wp:featuredmedia":[{"embeddable":true,"href":"https:\/\/ofsip.lu\/en\/wp-json\/wp\/v2\/media\/2653"}],"wp:attachment":[{"href":"https:\/\/ofsip.lu\/en\/wp-json\/wp\/v2\/media?parent=2652"}],"wp:term":[{"taxonomy":"category","embeddable":true,"href":"https:\/\/ofsip.lu\/en\/wp-json\/wp\/v2\/categories?post=2652"},{"taxonomy":"post_tag","embeddable":true,"href":"https:\/\/ofsip.lu\/en\/wp-json\/wp\/v2\/tags?post=2652"}],"curies":[{"name":"wp","href":"https:\/\/api.w.org\/{rel}","templated":true}]}}